{"id":71363,"date":"2013-09-05T16:06:05","date_gmt":"2013-09-05T19:06:05","guid":{"rendered":"http:\/\/www.r2cpress.com.br\/v1\/?p=71363"},"modified":"2013-09-05T16:06:05","modified_gmt":"2013-09-05T19:06:05","slug":"visitas-de-irmaos-a-loja-de-perfeicao-cavaleiros-do-oriente-vitoria-da-conquista-ba","status":"publish","type":"post","link":"https:\/\/www.r2cpress.com.br\/v1\/2013\/09\/05\/visitas-de-irmaos-a-loja-de-perfeicao-cavaleiros-do-oriente-vitoria-da-conquista-ba\/","title":{"rendered":"VISITAS DE IRM\u00c3OS \u00c0 LOJA DE PERFEI\u00c7\u00c3O CAVALEIROS DO ORIENTE VIT\u00d3RIA DA CONQUISTA &#8211; BA"},"content":{"rendered":"<p>Querido Tinho<\/p>\n<p>No data de 03 de Setembro do corrente ano a Loja de Perfei\u00e7\u00e3o Cavaleiros do Oriente de Vit\u00f3ria da Conquista da qual tenho a honra de ser o presidente recebeu com alegria a visita dos irm\u00e3os Ilheenses ( Frederico,Luis Maia, Idilberto e  Hernane ) e tamb\u00e9m de outros Oriente.<br \/>\nReuni\u00e3o muito agrad\u00e1vel, na presen\u00e7a desses inesquec\u00edveis amigos de longas e longas datas e de muitas aventuras quando rapaz a\u00ed em Ilheus.<\/p>\n<p>Grande beijo e lembran\u00e7as a todos da\u00ed<\/p>\n<p>Jos\u00e9 Rabat Chame<\/p>\n<p>Vit\u00f3ria da Conquista &#8211; Ba<\/p>\n<p>Veja as fotos.<\/p>\n<p><center><a href=\"http:\/\/www.r2cpress.com.br\/v1\/wp-content\/uploads\/Loja-de-Perfei\u00e7\u00e3o-Cavaleiros-do-Oriente.jpg\"><img loading=\"lazy\" src=\"http:\/\/www.r2cpress.com.br\/v1\/wp-content\/uploads\/Loja-de-Perfei\u00e7\u00e3o-Cavaleiros-do-Oriente.jpg\" alt=\"Loja de Perfei\u00e7\u00e3o Cavaleiros do Oriente\" width=\"600\" height=\"400\" class=\"aligncenter size-full wp-image-71364\" srcset=\"https:\/\/www.r2cpress.com.br\/v1\/wp-content\/uploads\/Loja-de-Perfei\u00e7\u00e3o-Cavaleiros-do-Oriente.jpg 600w, https:\/\/www.r2cpress.com.br\/v1\/wp-content\/uploads\/Loja-de-Perfei\u00e7\u00e3o-Cavaleiros-do-Oriente-300x200.jpg 300w\" sizes=\"(max-width: 600px) 100vw, 600px\" \/><\/a><a href=\"http:\/\/www.r2cpress.com.br\/v1\/wp-content\/uploads\/Loja-de-Perfei\u00e7\u00e3o-Cavaleiros-do-Oriente-1.jpg\"><img loading=\"lazy\" src=\"http:\/\/www.r2cpress.com.br\/v1\/wp-content\/uploads\/Loja-de-Perfei\u00e7\u00e3o-Cavaleiros-do-Oriente-1.jpg\" alt=\"Loja de Perfei\u00e7\u00e3o Cavaleiros do Oriente (1)\" width=\"600\" height=\"400\" class=\"aligncenter size-full wp-image-71365\" srcset=\"https:\/\/www.r2cpress.com.br\/v1\/wp-content\/uploads\/Loja-de-Perfei\u00e7\u00e3o-Cavaleiros-do-Oriente-1.jpg 600w, https:\/\/www.r2cpress.com.br\/v1\/wp-content\/uploads\/Loja-de-Perfei\u00e7\u00e3o-Cavaleiros-do-Oriente-1-300x200.jpg 300w\" sizes=\"(max-width: 600px) 100vw, 600px\" \/><\/a><a href=\"http:\/\/www.r2cpress.com.br\/v1\/wp-content\/uploads\/Loja-de-Perfei\u00e7\u00e3o-Cavaleiros-do-Oriente-Vitoria-da-Conquista-Ba.jpg\"><img loading=\"lazy\" src=\"http:\/\/www.r2cpress.com.br\/v1\/wp-content\/uploads\/Loja-de-Perfei\u00e7\u00e3o-Cavaleiros-do-Oriente-Vitoria-da-Conquista-Ba.jpg\" alt=\"Loja de Perfei\u00e7\u00e3o Cavaleiros do Oriente Vitoria da Conquista - Ba\" width=\"400\" height=\"600\" class=\"aligncenter size-full wp-image-71366\" srcset=\"https:\/\/www.r2cpress.com.br\/v1\/wp-content\/uploads\/Loja-de-Perfei\u00e7\u00e3o-Cavaleiros-do-Oriente-Vitoria-da-Conquista-Ba.jpg 400w, https:\/\/www.r2cpress.com.br\/v1\/wp-content\/uploads\/Loja-de-Perfei\u00e7\u00e3o-Cavaleiros-do-Oriente-Vitoria-da-Conquista-Ba-200x300.jpg 200w\" sizes=\"(max-width: 400px) 100vw, 400px\" \/><\/a><a href=\"http:\/\/www.r2cpress.com.br\/v1\/wp-content\/uploads\/Loja-de-Perfei\u00e7\u00e3o-Cavaleiros-do-Oriente-Vitoria-da-Conquista-Ba-2.jpg\"><img loading=\"lazy\" src=\"http:\/\/www.r2cpress.com.br\/v1\/wp-content\/uploads\/Loja-de-Perfei\u00e7\u00e3o-Cavaleiros-do-Oriente-Vitoria-da-Conquista-Ba-2.jpg\" alt=\"Loja de Perfei\u00e7\u00e3o Cavaleiros do Oriente Vitoria da Conquista - Ba (2)\" width=\"600\" height=\"400\" class=\"aligncenter size-full wp-image-71367\" srcset=\"https:\/\/www.r2cpress.com.br\/v1\/wp-content\/uploads\/Loja-de-Perfei\u00e7\u00e3o-Cavaleiros-do-Oriente-Vitoria-da-Conquista-Ba-2.jpg 600w, https:\/\/www.r2cpress.com.br\/v1\/wp-content\/uploads\/Loja-de-Perfei\u00e7\u00e3o-Cavaleiros-do-Oriente-Vitoria-da-Conquista-Ba-2-300x200.jpg 300w\" sizes=\"(max-width: 600px) 100vw, 600px\" \/><\/a><a href=\"http:\/\/www.r2cpress.com.br\/v1\/wp-content\/uploads\/Loja-de-Perfei\u00e7\u00e3o-Cavaleiros-do-Oriente-Vitoria-da-Conquista-Ba-3.jpg\"><img loading=\"lazy\" src=\"http:\/\/www.r2cpress.com.br\/v1\/wp-content\/uploads\/Loja-de-Perfei\u00e7\u00e3o-Cavaleiros-do-Oriente-Vitoria-da-Conquista-Ba-3.jpg\" alt=\"Loja de Perfei\u00e7\u00e3o Cavaleiros do Oriente Vitoria da Conquista - Ba (3)\" width=\"600\" height=\"400\" class=\"aligncenter size-full wp-image-71368\" srcset=\"https:\/\/www.r2cpress.com.br\/v1\/wp-content\/uploads\/Loja-de-Perfei\u00e7\u00e3o-Cavaleiros-do-Oriente-Vitoria-da-Conquista-Ba-3.jpg 600w, https:\/\/www.r2cpress.com.br\/v1\/wp-content\/uploads\/Loja-de-Perfei\u00e7\u00e3o-Cavaleiros-do-Oriente-Vitoria-da-Conquista-Ba-3-300x200.jpg 300w\" sizes=\"(max-width: 600px) 100vw, 600px\" \/><\/a><div id=\"attachment_71369\" style=\"width: 410px\" class=\"wp-caption aligncenter\"><a href=\"http:\/\/www.r2cpress.com.br\/v1\/wp-content\/uploads\/Loja-de-Perfei\u00e7\u00e3o-Cavaleiros-do-Oriente-Vitoria-da-Conquista-Ba-4.jpg\"><img aria-describedby=\"caption-attachment-71369\" loading=\"lazy\" src=\"http:\/\/www.r2cpress.com.br\/v1\/wp-content\/uploads\/Loja-de-Perfei\u00e7\u00e3o-Cavaleiros-do-Oriente-Vitoria-da-Conquista-Ba-4.jpg\" alt=\"JOS\u00c9 RABAT CHAME Ir.&#039;. 2x \" width=\"400\" height=\"600\" class=\"size-full wp-image-71369\" srcset=\"https:\/\/www.r2cpress.com.br\/v1\/wp-content\/uploads\/Loja-de-Perfei\u00e7\u00e3o-Cavaleiros-do-Oriente-Vitoria-da-Conquista-Ba-4.jpg 400w, https:\/\/www.r2cpress.com.br\/v1\/wp-content\/uploads\/Loja-de-Perfei\u00e7\u00e3o-Cavaleiros-do-Oriente-Vitoria-da-Conquista-Ba-4-200x300.jpg 200w\" sizes=\"(max-width: 400px) 100vw, 400px\" \/><\/a><p id=\"caption-attachment-71369\" class=\"wp-caption-text\">JOS\u00c9 RABAT CHAME Ir.&#8217;. 2x<\/p><\/div><\/center><\/p>\n","protected":false},"excerpt":{"rendered":"<p>Querido Tinho No data de 03 de Setembro do corrente ano a Loja de Perfei\u00e7\u00e3o Cavaleiros do Oriente de Vit\u00f3ria da Conquista da qual tenho a honra de ser o presidente recebeu com alegria a visita dos irm\u00e3os Ilheenses ( Frederico,Luis Maia, Idilberto e Hernane ) e tamb\u00e9m de outros Oriente. Reuni\u00e3o muito agrad\u00e1vel, na [&hellip;]<\/p>\n","protected":false},"author":2,"featured_media":0,"comment_status":"open","ping_status":"open","sticky":false,"template":"","format":"standard","meta":{"_links_to":"","_links_to_target":""},"categories":[34],"tags":[],"_links":{"self":[{"href":"https:\/\/www.r2cpress.com.br\/v1\/wp-json\/wp\/v2\/posts\/71363"}],"collection":[{"href":"https:\/\/www.r2cpress.com.br\/v1\/wp-json\/wp\/v2\/posts"}],"about":[{"href":"https:\/\/www.r2cpress.com.br\/v1\/wp-json\/wp\/v2\/types\/post"}],"author":[{"embeddable":true,"href":"https:\/\/www.r2cpress.com.br\/v1\/wp-json\/wp\/v2\/users\/2"}],"replies":[{"embeddable":true,"href":"https:\/\/www.r2cpress.com.br\/v1\/wp-json\/wp\/v2\/comments?post=71363"}],"version-history":[{"count":2,"href":"https:\/\/www.r2cpress.com.br\/v1\/wp-json\/wp\/v2\/posts\/71363\/revisions"}],"predecessor-version":[{"id":71371,"href":"https:\/\/www.r2cpress.com.br\/v1\/wp-json\/wp\/v2\/posts\/71363\/revisions\/71371"}],"wp:attachment":[{"href":"https:\/\/www.r2cpress.com.br\/v1\/wp-json\/wp\/v2\/media?parent=71363"}],"wp:term":[{"taxonomy":"category","embeddable":true,"href":"https:\/\/www.r2cpress.com.br\/v1\/wp-json\/wp\/v2\/categories?post=71363"},{"taxonomy":"post_tag","embeddable":true,"href":"https:\/\/www.r2cpress.com.br\/v1\/wp-json\/wp\/v2\/tags?post=71363"}],"curies":[{"name":"wp","href":"https:\/\/api.w.org\/{rel}","templated":true}]}}