{"id":71372,"date":"2013-09-05T19:09:10","date_gmt":"2013-09-05T22:09:10","guid":{"rendered":"http:\/\/www.r2cpress.com.br\/v1\/?p=71372"},"modified":"2013-09-05T21:27:27","modified_gmt":"2013-09-06T00:27:27","slug":"nota-publica-11","status":"publish","type":"post","link":"https:\/\/www.r2cpress.com.br\/v1\/2013\/09\/05\/nota-publica-11\/","title":{"rendered":"NOTA P\u00daBLICA"},"content":{"rendered":"<p><center> <a href=\"http:\/\/www.r2cpress.com.br\/v1\/wp-content\/uploads\/diocese-de-ilh\u00e9us1.jpg\"><img loading=\"lazy\" src=\"http:\/\/www.r2cpress.com.br\/v1\/wp-content\/uploads\/diocese-de-ilh\u00e9us1.jpg\" alt=\"diocese-de-ilh\u00e9us\" width=\"200\" height=\"251\" class=\"aligncenter size-full wp-image-71400\" \/><\/a>   <\/center><\/p>\n<p>N\u00f3s, Igreja Cat\u00f3lica presente em Ilh\u00e9us, estamos preocupados com a situa\u00e7\u00e3o ca\u00f3tica do nosso Munic\u00edpio. As manifesta\u00e7\u00f5es surgidas por todos cantos clamam por solu\u00e7\u00f5es junto aos respons\u00e1veis da administra\u00e7\u00e3o da nossa cidade. A popula\u00e7\u00e3o j\u00e1 n\u00e3o suporta mais essa situa\u00e7\u00e3o.<\/p>\n<p>A Igreja como \u201cadvogada da justi\u00e7a e defensora dos pobres\u201d, diante dos clamores do povo, se coloca \u00e0 disposi\u00e7\u00e3o para ajudar no di\u00e1logo a fim de que se chegue a uma solu\u00e7\u00e3o em benef\u00edcio da popula\u00e7\u00e3o, em especial aquela mais pobre e carente.<\/p>\n<p>A Igreja Cat\u00f3lica em Ilh\u00e9us est\u00e1 do lado da popula\u00e7\u00e3o, \u201ctrazendo o bem precioso da f\u00e9 em Jesus Cristo, que veio para que todos tenham vida em abund\u00e2ncia\u201d.<\/p>\n<p>N\u00e3o podemos ficar desiludidos com a corrup\u00e7\u00e3o daqueles que \u201cem vez de buscar o bem comum procuram seu pr\u00f3prio benef\u00edcio\u201d.<i> <\/i>Fazemos nossa a palavra do Papa Francisco que nos diz: nunca desanimem, n\u00e3o percam a confian\u00e7a, n\u00e3o deixem que se apague a esperan\u00e7a. A realidade pode mudar, o homem pode mudar.<\/p>\n<p>\u00c9 preciso, urgentemente, encontrar uma solu\u00e7\u00e3o para essa situa\u00e7\u00e3o, que j\u00e1 se alastra por muito tempo, para que a nossa cidade possa voltar \u00e0 sua normalidade.<\/p>\n<p>Ilh\u00e9us, 05 de setembro de 2013<\/p>\n<p>Dom Mauro Montagnoli, bispo diocesano<\/p>\n","protected":false},"excerpt":{"rendered":"<p>N\u00f3s, Igreja Cat\u00f3lica presente em Ilh\u00e9us, estamos preocupados com a situa\u00e7\u00e3o ca\u00f3tica do nosso Munic\u00edpio. As manifesta\u00e7\u00f5es surgidas por todos cantos clamam por solu\u00e7\u00f5es junto aos respons\u00e1veis da administra\u00e7\u00e3o da nossa cidade. A popula\u00e7\u00e3o j\u00e1 n\u00e3o suporta mais essa situa\u00e7\u00e3o. A Igreja como \u201cadvogada da justi\u00e7a e defensora dos pobres\u201d, diante dos clamores do povo, [&hellip;]<\/p>\n","protected":false},"author":2,"featured_media":0,"comment_status":"open","ping_status":"open","sticky":false,"template":"","format":"standard","meta":{"_links_to":"","_links_to_target":""},"categories":[14],"tags":[],"_links":{"self":[{"href":"https:\/\/www.r2cpress.com.br\/v1\/wp-json\/wp\/v2\/posts\/71372"}],"collection":[{"href":"https:\/\/www.r2cpress.com.br\/v1\/wp-json\/wp\/v2\/posts"}],"about":[{"href":"https:\/\/www.r2cpress.com.br\/v1\/wp-json\/wp\/v2\/types\/post"}],"author":[{"embeddable":true,"href":"https:\/\/www.r2cpress.com.br\/v1\/wp-json\/wp\/v2\/users\/2"}],"replies":[{"embeddable":true,"href":"https:\/\/www.r2cpress.com.br\/v1\/wp-json\/wp\/v2\/comments?post=71372"}],"version-history":[{"count":5,"href":"https:\/\/www.r2cpress.com.br\/v1\/wp-json\/wp\/v2\/posts\/71372\/revisions"}],"predecessor-version":[{"id":71401,"href":"https:\/\/www.r2cpress.com.br\/v1\/wp-json\/wp\/v2\/posts\/71372\/revisions\/71401"}],"wp:attachment":[{"href":"https:\/\/www.r2cpress.com.br\/v1\/wp-json\/wp\/v2\/media?parent=71372"}],"wp:term":[{"taxonomy":"category","embeddable":true,"href":"https:\/\/www.r2cpress.com.br\/v1\/wp-json\/wp\/v2\/categories?post=71372"},{"taxonomy":"post_tag","embeddable":true,"href":"https:\/\/www.r2cpress.com.br\/v1\/wp-json\/wp\/v2\/tags?post=71372"}],"curies":[{"name":"wp","href":"https:\/\/api.w.org\/{rel}","templated":true}]}}