{"id":71376,"date":"2013-09-05T19:35:09","date_gmt":"2013-09-05T22:35:09","guid":{"rendered":"http:\/\/www.r2cpress.com.br\/v1\/?p=71376"},"modified":"2013-09-05T19:35:09","modified_gmt":"2013-09-05T22:35:09","slug":"apos-pedido-de-aposentadoria-genoino-sera-avaliado-por-junta-medica-da-camara","status":"publish","type":"post","link":"https:\/\/www.r2cpress.com.br\/v1\/2013\/09\/05\/apos-pedido-de-aposentadoria-genoino-sera-avaliado-por-junta-medica-da-camara\/","title":{"rendered":"Ap\u00f3s pedido de aposentadoria, Geno\u00edno ser\u00e1 avaliado por junta m\u00e9dica da C\u00e2mara"},"content":{"rendered":"<div id=\"tituloNoticia\">\n<h2>Assim que for homologada a aposentadoria, se for o caso, o suplente, H\u00e9lcio Silva, poder\u00e1 assumir o mandato.<\/h2>\n<\/div>\n<div id=\"conteudoNoticia\">\n<div id=\"fotoNoticia\">\n<div style=\"text-align: right;\">Marcelo Brandt<\/div>\n<div><img class=\"alignright\" alt=\"Jos\u00e9 Genoino\" src=\"http:\/\/www.camara.gov.br\/internet\/bancoimagem\/banco\/2010112414174_bMED.jpg\" border=\"0\" \/><\/div>\n<div style=\"text-align: right;\"><em><strong>Jos\u00e9 Geno\u00edno est\u00e1 no s\u00e9timo mandato na C\u00e2mara.<\/strong><\/em><\/div>\n<\/div>\n<p>O deputado Jos\u00e9 Geno\u00edno (PT-SP) entrou na quarta-feira (4) com pedido de aposentadoria por invalidez na C\u00e2mara. O pedido foi feito com base em um laudo m\u00e9dico assinado pelo cardiologista Roberto Kalil, do Instituto do Cora\u00e7\u00e3o de S\u00e3o Paulo (Incor), relatando o hist\u00f3rico de sa\u00fade do deputado.<\/p>\n<p>Geno\u00edno ser\u00e1 avaliado por uma junta m\u00e9dica da C\u00e2mara, ainda sem data definida, que analisar\u00e1 se ele tem alguma doen\u00e7a listada no rol de enfermidades pass\u00edveis de aposentadoria. Confirmada a invalidez, ele ser\u00e1 aposentado com o sal\u00e1rio integral de deputado federal, atualmente de R$ 26.723,13 (valor bruto).<\/p>\n<p>Caso a junta m\u00e9dica confirme a aposentadoria por invalidez antes da senten\u00e7a final do Supremo Tribunal Federal (STF), que o condenou \u00e0 pris\u00e3o em regime semiaberto, Geno\u00edno manteria a aposentadoria, j\u00e1 que n\u00e3o ter\u00e1 mais mandato parlamentar a ser cassado.<\/p>\n<p>Jos\u00e9 Geno\u00edno, presidente do PT na \u00e9poca do mensal\u00e3o, foi condenado a seis anos e 11 meses de pris\u00e3o em regime semiaberto pelos crimes de corrup\u00e7\u00e3o ativa e forma\u00e7\u00e3o de quadrilha. No \u00faltimo dia 28, o STF confirmou, por unanimidade, a pena.<\/p>\n<p><strong>Poss\u00edvel substituto<\/strong><\/p>\n<p><!--more--><br \/>\nO poss\u00edvel substituto de Jos\u00e9 Geno\u00edno seria H\u00e9lcio Silva (PT-SP), eleito quarto suplente da coliga\u00e7\u00e3o na qual o PT disputou as \u00faltimas elei\u00e7\u00f5es no estado de S\u00e3o Paulo. O segundo e o terceiro suplentes, Francisco Chagas (PT) e Iara Bernardi (PT), respectivamente, j\u00e1 assumiram mandatos na C\u00e2mara devido ao licenciamento de deputados paulistas. H\u00e9lcio Silva atualmente \u00e9 vice-prefeito da cidade de Mau\u00e1 (SP).<\/p>\n<p><strong>Doen\u00e7a<\/strong><br \/>\nNo dia 24 de julho, Geno\u00edno foi diagnosticado com uma dissec\u00e7\u00e3o da aorta (quando uma ou mais das tr\u00eas camadas da art\u00e9ria se rompem for\u00e7ando uma hemorragia interna) no Hospital S\u00edrio-Liban\u00eas, em S\u00e3o Paulo.<\/p>\n<p>No hospital, ele sofreu uma isquemia cerebral leve &#8211; obstru\u00e7\u00e3o da circula\u00e7\u00e3o sangu\u00ednea no c\u00e9rebro \u2013 e teve alta em 19 de agosto. Geno\u00edno est\u00e1 de licen\u00e7a m\u00e9dica da C\u00e2mara at\u00e9 19 de setembro.<\/p>\n<p><strong>Legislaturas<\/strong><br \/>\nO parlamentar, em sua s\u00e9tima legislatura, j\u00e1 havia se aposentado por tempo de servi\u00e7o na C\u00e2mara. O benef\u00edcio, no valor de R$ 20.004,16 (valor bruto), por\u00e9m, era proporcional ao per\u00edodo de atua\u00e7\u00e3o legislativa.<\/p>\n<p>Quando retornou \u00e0 C\u00e2mara, no in\u00edcio do ano, Geno\u00edno teve a aposentadoria suspensa &#8211; a legisla\u00e7\u00e3o pro\u00edbe o ac\u00famulo do benef\u00edcio com o subs\u00eddio parlamentar. Se o pedido de aposentadoria por invalidez for homologado, a anterior ser\u00e1 suspensa e ele receber\u00e1 apenas o sal\u00e1rio integral de parlamentar.<\/p>\n<\/div>\n<p>Reportagem \u2013 Tiago Miranda<br \/>\nEdi\u00e7\u00e3o \u2013 Newton Ara\u00fajo<br \/>\nA reprodu\u00e7\u00e3o das not\u00edcias \u00e9 autorizada desde que contenha a assinatura &#8216;<a title=\"Ag\u00eancia C\u00e2mara de Not\u00edticas\" href=\"http:\/\/www2.camara.leg.br\/camaranoticias\">Ag\u00eancia C\u00e2mara Not\u00edcias<\/a>&#8216;<\/p>\n","protected":false},"excerpt":{"rendered":"<p>Assim que for homologada a aposentadoria, se for o caso, o suplente, H\u00e9lcio Silva, poder\u00e1 assumir o mandato. Marcelo Brandt Jos\u00e9 Geno\u00edno est\u00e1 no s\u00e9timo mandato na C\u00e2mara. O deputado Jos\u00e9 Geno\u00edno (PT-SP) entrou na quarta-feira (4) com pedido de aposentadoria por invalidez na C\u00e2mara. O pedido foi feito com base em um laudo m\u00e9dico [&hellip;]<\/p>\n","protected":false},"author":2,"featured_media":0,"comment_status":"open","ping_status":"open","sticky":false,"template":"","format":"standard","meta":{"_links_to":"","_links_to_target":""},"categories":[18],"tags":[],"_links":{"self":[{"href":"https:\/\/www.r2cpress.com.br\/v1\/wp-json\/wp\/v2\/posts\/71376"}],"collection":[{"href":"https:\/\/www.r2cpress.com.br\/v1\/wp-json\/wp\/v2\/posts"}],"about":[{"href":"https:\/\/www.r2cpress.com.br\/v1\/wp-json\/wp\/v2\/types\/post"}],"author":[{"embeddable":true,"href":"https:\/\/www.r2cpress.com.br\/v1\/wp-json\/wp\/v2\/users\/2"}],"replies":[{"embeddable":true,"href":"https:\/\/www.r2cpress.com.br\/v1\/wp-json\/wp\/v2\/comments?post=71376"}],"version-history":[{"count":3,"href":"https:\/\/www.r2cpress.com.br\/v1\/wp-json\/wp\/v2\/posts\/71376\/revisions"}],"predecessor-version":[{"id":71379,"href":"https:\/\/www.r2cpress.com.br\/v1\/wp-json\/wp\/v2\/posts\/71376\/revisions\/71379"}],"wp:attachment":[{"href":"https:\/\/www.r2cpress.com.br\/v1\/wp-json\/wp\/v2\/media?parent=71376"}],"wp:term":[{"taxonomy":"category","embeddable":true,"href":"https:\/\/www.r2cpress.com.br\/v1\/wp-json\/wp\/v2\/categories?post=71376"},{"taxonomy":"post_tag","embeddable":true,"href":"https:\/\/www.r2cpress.com.br\/v1\/wp-json\/wp\/v2\/tags?post=71376"}],"curies":[{"name":"wp","href":"https:\/\/api.w.org\/{rel}","templated":true}]}}