{"id":71380,"date":"2013-09-05T19:36:49","date_gmt":"2013-09-05T22:36:49","guid":{"rendered":"http:\/\/www.r2cpress.com.br\/v1\/?p=71380"},"modified":"2013-09-05T19:36:49","modified_gmt":"2013-09-05T22:36:49","slug":"prefeito-de-ilheus-autoriza-pagamento-de-agosto-para-servidores","status":"publish","type":"post","link":"https:\/\/www.r2cpress.com.br\/v1\/2013\/09\/05\/prefeito-de-ilheus-autoriza-pagamento-de-agosto-para-servidores\/","title":{"rendered":"Prefeito de Ilh\u00e9us autoriza pagamento de agosto para servidores"},"content":{"rendered":"<p><em><strong>Em respeito ao dinheiro p\u00fablico, \u00e0s leis vigentes e ao povo ilheense, o prefeito Jabes Ribeiro tamb\u00e9m determinou \u00e0s secretarias acompanhar a frequ\u00eancia dos trabalhadores neste m\u00eas de setembro.<\/strong><\/em><\/p>\n<p>Mesmo diante da omiss\u00e3o dos sindicatos no que se refere ao atendimento da decis\u00e3o judicial que determina a presen\u00e7a de 50% dos servidores para garantir os servi\u00e7os essenciais de sa\u00fade e educa\u00e7\u00e3o e de 30% nos demais setores, durante o movimento grevista, o Prefeito de Ilh\u00e9us, Jabes Ribeiro, anunciou nesta quarta-feira, dia 4, autoriza\u00e7\u00e3o para o pagamento dos sal\u00e1rios referentes ao m\u00eas de agosto, sem preju\u00edzo de reposi\u00e7\u00e3o da jornada atrav\u00e9s de eventual regime de compensa\u00e7\u00e3o.  \u201cA nossa decis\u00e3o foi pautada pelo respeito \u00e0 fam\u00edlia dos servidores e no sentido de evitar mais preju\u00edzos ao com\u00e9rcio de Ilh\u00e9us\u201d, afirmou ele durante entrevista no programa Fatos em Detalhes, apresentado pelo radialista Maltez de Athayde, da r\u00e1dio Cultura AM, nesta quinta-feira, dia 5.   <\/p>\n<p>Ainda durante a entrevista, o prefeito Jabes Ribeiro comentou que a decis\u00e3o tamb\u00e9m levou em conta o fato de que ele n\u00e3o havia anunciado o corte de ponto no in\u00edcio do m\u00eas de agosto. Mas, por outro lado, determinou a todas as secretarias municipais que acompanhem a frequ\u00eancia dos servidores neste m\u00eas de setembro. \u201cVamos descontar os dias n\u00e3o trabalhados na folha de pagamento em respeito ao dinheiro p\u00fablico, \u00e0s leis vigentes e ao povo ilheense\u201d, frisou.<\/p>\n<p><!--more--><\/p>\n<p>A greve dos servidores j\u00e1 duram cerca de 45 dias, com s\u00e9rios preju\u00edzos para a popula\u00e7\u00e3o do munic\u00edpio. O prefeito ressaltou que continua aberto ao di\u00e1logo com os sindicatos representativos da categoria e que continua apelando aos servidores que garantam os servi\u00e7os p\u00fablicos essenciais enquanto se conclui o entendimento quanto \u00e0 reivindica\u00e7\u00e3o dos sindicatos e a necessidade de adequa\u00e7\u00e3o das contas da Prefeitura \u00e0 Lei de Responsabilidade Fiscal (LRF).   <\/p>\n<p>Determina\u00e7\u00e3o judicial \u2013 Em meados de agosto, a desembargadora Silvia Zariff, relatora da a\u00e7\u00e3o proposta pela Procuradoria Geral do Munic\u00edpio de Ilh\u00e9us junto ao Tribunal de Justi\u00e7a da Bahia, concedeu liminar determinando que os sindicatos das diversas categorias dos servidores da Prefeitura, em greve desde o dia 17 de julho, mantenham 50% do efetivo trabalhando nas \u00e1reas da Educa\u00e7\u00e3o e da Sa\u00fade e pelo menos 30% nas demais \u00e1reas da administra\u00e7\u00e3o municipal. <\/p>\n<p>No entanto, at\u00e9 esta quinta-feira, dia 5, a determina\u00e7\u00e3o judicial n\u00e3o foi atendida pelos lideres do movimento grevista, o que tem causado preju\u00edzos incalcul\u00e1veis a toda popula\u00e7\u00e3o, inclusive com a redu\u00e7\u00e3o de receita do Munic\u00edpio de Ilh\u00e9us.  Antes mesmo dos sindicatos deflagrarem greve, a prefeitura, atrav\u00e9s da Comiss\u00e3o Permanente de Negocia\u00e7\u00e3o, vem dialogando com os l\u00edderes das categorias, no sentido de atender ao pleito e, ao mesmo tempo, manter o equil\u00edbrio fiscal com rela\u00e7\u00e3o ao limite or\u00e7ament\u00e1rio de despesa com pessoal conforme a LRF.<\/p>\n<p>&#8212;<br \/>\nSecretaria de Comunica\u00e7\u00e3o Social (Secom)<br \/>\nIlh\u00e9us \u2013 05.09.2013<\/p>\n","protected":false},"excerpt":{"rendered":"<p>Em respeito ao dinheiro p\u00fablico, \u00e0s leis vigentes e ao povo ilheense, o prefeito Jabes Ribeiro tamb\u00e9m determinou \u00e0s secretarias acompanhar a frequ\u00eancia dos trabalhadores neste m\u00eas de setembro. Mesmo diante da omiss\u00e3o dos sindicatos no que se refere ao atendimento da decis\u00e3o judicial que determina a presen\u00e7a de 50% dos servidores para garantir os [&hellip;]<\/p>\n","protected":false},"author":2,"featured_media":0,"comment_status":"open","ping_status":"open","sticky":false,"template":"","format":"standard","meta":{"_links_to":"","_links_to_target":""},"categories":[23],"tags":[],"_links":{"self":[{"href":"https:\/\/www.r2cpress.com.br\/v1\/wp-json\/wp\/v2\/posts\/71380"}],"collection":[{"href":"https:\/\/www.r2cpress.com.br\/v1\/wp-json\/wp\/v2\/posts"}],"about":[{"href":"https:\/\/www.r2cpress.com.br\/v1\/wp-json\/wp\/v2\/types\/post"}],"author":[{"embeddable":true,"href":"https:\/\/www.r2cpress.com.br\/v1\/wp-json\/wp\/v2\/users\/2"}],"replies":[{"embeddable":true,"href":"https:\/\/www.r2cpress.com.br\/v1\/wp-json\/wp\/v2\/comments?post=71380"}],"version-history":[{"count":2,"href":"https:\/\/www.r2cpress.com.br\/v1\/wp-json\/wp\/v2\/posts\/71380\/revisions"}],"predecessor-version":[{"id":71382,"href":"https:\/\/www.r2cpress.com.br\/v1\/wp-json\/wp\/v2\/posts\/71380\/revisions\/71382"}],"wp:attachment":[{"href":"https:\/\/www.r2cpress.com.br\/v1\/wp-json\/wp\/v2\/media?parent=71380"}],"wp:term":[{"taxonomy":"category","embeddable":true,"href":"https:\/\/www.r2cpress.com.br\/v1\/wp-json\/wp\/v2\/categories?post=71380"},{"taxonomy":"post_tag","embeddable":true,"href":"https:\/\/www.r2cpress.com.br\/v1\/wp-json\/wp\/v2\/tags?post=71380"}],"curies":[{"name":"wp","href":"https:\/\/api.w.org\/{rel}","templated":true}]}}