{"id":71396,"date":"2013-09-05T20:50:41","date_gmt":"2013-09-05T23:50:41","guid":{"rendered":"http:\/\/www.r2cpress.com.br\/v1\/?p=71396"},"modified":"2013-09-05T20:50:41","modified_gmt":"2013-09-05T23:50:41","slug":"saudade-dos-desfiles","status":"publish","type":"post","link":"https:\/\/www.r2cpress.com.br\/v1\/2013\/09\/05\/saudade-dos-desfiles\/","title":{"rendered":"SAUDADE DOS DESFILES"},"content":{"rendered":"<p><b><img loading=\"lazy\" class=\"alignright\" alt=\"\" src=\"http:\/\/www.r2cpress.com.br\/v1\/wp-content\/uploads\/zecarlos-r2cpress_reduzida.jpg\" width=\"300\" height=\"207\" \/>Meu amigo Rabat,<\/b><\/p>\n<p>Estamos ficando com mais idade ou maior idade?<\/p>\n<p>\u00c0s v\u00e9speras do dia 7 de Setembro quando se comemora a Independ\u00eancia do Brasil, bateu uma saudade danada dos nossos desfiles de antigamente.<\/p>\n<p>Dos nossos bravos col\u00e9gios IME, Ceamev, Estadual, Piedade, Afonso de Carvalho, Eduardo Siqueira, que faziam deste glorioso dia o grande momento de levar para a avenida o verdadeiro grito da independ\u00eancia, mostrando o amor pela p\u00e1tria e tamb\u00e9m disputando entre si quem tinha a melhor banda, e a disputa era acirrada.<\/p>\n<p>Lembro-me perfeitamente da minha escola Eduardo Siqueira, da nossa eterna mestra <b>EDELVIRA PITA<\/b>, que neste dia vestia todos os seus alunos com as indument\u00e1rias de \u00e9poca e relembrava os vultos da hist\u00f3ria do Brasil e desfilava sob aplausos na Avenida Soares Lopes.<\/p>\n<p>Lembro-me perfeitamente dos nossos maestros Renildo, Manoel, Cl\u00e9rio e Agildo, que criaram diversos acordes para as bandas marciais do Ceamev, IME, Estadual e Afonso de Carvalho, e eram aplaudidos quando passavam pela avenida conduzindo suas bandas.<\/p>\n<p><!--more--><\/p>\n<p>Essas bandas tinham torcidas organizadas e faziam tamb\u00e9m apresenta\u00e7\u00f5es em outras cidades da regi\u00e3o, quando convidadas pelos prefeitos para abrilhantarem o Dia da P\u00e1tria, eram novidade onde passavam, principalmente pela execu\u00e7\u00e3o dos v\u00e1rios toques criados por seus maestros.<\/p>\n<p>A Soares Lopes vibrava quando despontava o primeiro col\u00e9gio a desfilar, a gritaria era enorme e a\u00ed surgia a banda levando o p\u00fablico ao del\u00edrio, era o \u00e1pice da festa.<\/p>\n<p>E agora meu amigo o que vamos ver na avenida neste s\u00e1bado? As corpora\u00e7\u00f5es militares, os clubes de servi\u00e7o e apenas o Col\u00e9gio Militar, e a\u00ed bate aquela saudade.<\/p>\n<p>Dif\u00edcil desmembrar o que aconteceu para que os col\u00e9gios perdessem o gosto pelos desfiles, e n\u00e3o devemos aqui emitir cr\u00edticas sobre A ou B, o certo \u00e9 que o desfile de 7 de Setembro aqui na nossa sofrida cidade perdeu o encantamento sem a presen\u00e7a dos nossos grandes col\u00e9gios.<\/p>\n<p>\u00c9 meu amigo Rabat! As coisas mudaram e apenas nos resta ver as fotos dos arquivos de nossos historiadores Z\u00e9 Nazal e Z\u00e9 Rezende, o que j\u00e1 \u00e9 uma grande coisa, pois quem n\u00e3o tem c\u00e3o, ca\u00e7a com gato, e a nossa hist\u00f3ria est\u00e1 se esvaindo pelo ralo.<\/p>\n<p>&nbsp;<\/p>\n<p><b>Z\u00c9CARLOS JUNIOR<\/b><\/p>\n","protected":false},"excerpt":{"rendered":"<p>Meu amigo Rabat, Estamos ficando com mais idade ou maior idade? \u00c0s v\u00e9speras do dia 7 de Setembro quando se comemora a Independ\u00eancia do Brasil, bateu uma saudade danada dos nossos desfiles de antigamente. Dos nossos bravos col\u00e9gios IME, Ceamev, Estadual, Piedade, Afonso de Carvalho, Eduardo Siqueira, que faziam deste glorioso dia o grande momento [&hellip;]<\/p>\n","protected":false},"author":2,"featured_media":0,"comment_status":"open","ping_status":"open","sticky":false,"template":"","format":"standard","meta":{"_links_to":"","_links_to_target":""},"categories":[10],"tags":[],"_links":{"self":[{"href":"https:\/\/www.r2cpress.com.br\/v1\/wp-json\/wp\/v2\/posts\/71396"}],"collection":[{"href":"https:\/\/www.r2cpress.com.br\/v1\/wp-json\/wp\/v2\/posts"}],"about":[{"href":"https:\/\/www.r2cpress.com.br\/v1\/wp-json\/wp\/v2\/types\/post"}],"author":[{"embeddable":true,"href":"https:\/\/www.r2cpress.com.br\/v1\/wp-json\/wp\/v2\/users\/2"}],"replies":[{"embeddable":true,"href":"https:\/\/www.r2cpress.com.br\/v1\/wp-json\/wp\/v2\/comments?post=71396"}],"version-history":[{"count":3,"href":"https:\/\/www.r2cpress.com.br\/v1\/wp-json\/wp\/v2\/posts\/71396\/revisions"}],"predecessor-version":[{"id":71399,"href":"https:\/\/www.r2cpress.com.br\/v1\/wp-json\/wp\/v2\/posts\/71396\/revisions\/71399"}],"wp:attachment":[{"href":"https:\/\/www.r2cpress.com.br\/v1\/wp-json\/wp\/v2\/media?parent=71396"}],"wp:term":[{"taxonomy":"category","embeddable":true,"href":"https:\/\/www.r2cpress.com.br\/v1\/wp-json\/wp\/v2\/categories?post=71396"},{"taxonomy":"post_tag","embeddable":true,"href":"https:\/\/www.r2cpress.com.br\/v1\/wp-json\/wp\/v2\/tags?post=71396"}],"curies":[{"name":"wp","href":"https:\/\/api.w.org\/{rel}","templated":true}]}}