{"id":71406,"date":"2013-09-06T09:01:08","date_gmt":"2013-09-06T12:01:08","guid":{"rendered":"http:\/\/www.r2cpress.com.br\/v1\/?p=71406"},"modified":"2013-09-06T09:01:08","modified_gmt":"2013-09-06T12:01:08","slug":"refis-icms-2013","status":"publish","type":"post","link":"https:\/\/www.r2cpress.com.br\/v1\/2013\/09\/06\/refis-icms-2013\/","title":{"rendered":"Refis Icms 2013"},"content":{"rendered":"<p>Caro Rabat solicito a divulga\u00e7\u00e3o desse texto por ser de interesse da comunidade empresarialO projeto de lei que trata do Programa de Recupera\u00e7\u00e3o Fiscal (Refis 2013) foi aprovado na Assembleia Legislativa da Bahia, em sess\u00e3o que terminou na madrugada desta quarta-feira (04). Com isso, mais de 45 mil contribuintes em d\u00e9bito com o Governo do Estado poder\u00e3o regularizar pend\u00eancias junto \u00e0 Secretaria da Fazenda com maior facilidade.<\/p>\n<p>O projeto de lei, de autoria do poder executivo, inclui os d\u00e9bitos vencidos de Imposto Sobre Circula\u00e7\u00e3o de Mercadorias (ICM) e Imposto sobre a Circula\u00e7\u00e3o de Mercadorias e Servi\u00e7os (ICMS). O Refis 2013 prev\u00ea descontos de at\u00e9 100% em multas e acr\u00e9scimos morat\u00f3rios para pagamento \u00e0 vista. Para quem for parcelar os d\u00e9bitos em oito vezes, o desconto fica em at\u00e9 80%. Em ambos os casos, o fator gerador deve ter ocorrido at\u00e9 o dia 30 de junho de 2013.<\/p>\n<p>&#8212;<br \/>\nJose Henrique Santos Abobreira <\/p>\n","protected":false},"excerpt":{"rendered":"<p>Caro Rabat solicito a divulga\u00e7\u00e3o desse texto por ser de interesse da comunidade empresarialO projeto de lei que trata do Programa de Recupera\u00e7\u00e3o Fiscal (Refis 2013) foi aprovado na Assembleia Legislativa da Bahia, em sess\u00e3o que terminou na madrugada desta quarta-feira (04). Com isso, mais de 45 mil contribuintes em d\u00e9bito com o Governo do [&hellip;]<\/p>\n","protected":false},"author":2,"featured_media":0,"comment_status":"open","ping_status":"open","sticky":false,"template":"","format":"standard","meta":{"_links_to":"","_links_to_target":""},"categories":[10],"tags":[],"_links":{"self":[{"href":"https:\/\/www.r2cpress.com.br\/v1\/wp-json\/wp\/v2\/posts\/71406"}],"collection":[{"href":"https:\/\/www.r2cpress.com.br\/v1\/wp-json\/wp\/v2\/posts"}],"about":[{"href":"https:\/\/www.r2cpress.com.br\/v1\/wp-json\/wp\/v2\/types\/post"}],"author":[{"embeddable":true,"href":"https:\/\/www.r2cpress.com.br\/v1\/wp-json\/wp\/v2\/users\/2"}],"replies":[{"embeddable":true,"href":"https:\/\/www.r2cpress.com.br\/v1\/wp-json\/wp\/v2\/comments?post=71406"}],"version-history":[{"count":2,"href":"https:\/\/www.r2cpress.com.br\/v1\/wp-json\/wp\/v2\/posts\/71406\/revisions"}],"predecessor-version":[{"id":71408,"href":"https:\/\/www.r2cpress.com.br\/v1\/wp-json\/wp\/v2\/posts\/71406\/revisions\/71408"}],"wp:attachment":[{"href":"https:\/\/www.r2cpress.com.br\/v1\/wp-json\/wp\/v2\/media?parent=71406"}],"wp:term":[{"taxonomy":"category","embeddable":true,"href":"https:\/\/www.r2cpress.com.br\/v1\/wp-json\/wp\/v2\/categories?post=71406"},{"taxonomy":"post_tag","embeddable":true,"href":"https:\/\/www.r2cpress.com.br\/v1\/wp-json\/wp\/v2\/tags?post=71406"}],"curies":[{"name":"wp","href":"https:\/\/api.w.org\/{rel}","templated":true}]}}