{"id":71409,"date":"2013-09-06T09:08:49","date_gmt":"2013-09-06T12:08:49","guid":{"rendered":"http:\/\/www.r2cpress.com.br\/v1\/?p=71409"},"modified":"2013-09-06T09:08:49","modified_gmt":"2013-09-06T12:08:49","slug":"grito-dosas-excluidosas-2013","status":"publish","type":"post","link":"https:\/\/www.r2cpress.com.br\/v1\/2013\/09\/06\/grito-dosas-excluidosas-2013\/","title":{"rendered":"Grito dos\/as Exclu\u00eddos\/as 2013:"},"content":{"rendered":"<h1 align=\"center\"><strong>\u201cJuventude que ousa lutar constr\u00f3i o Projeto Popular!\u201d<\/strong><\/h1>\n<p>O Grito dos\/as Exclu\u00eddos\/as \u00e9 uma manifesta\u00e7\u00e3o popular com muito simbolismo, \u00e9 um espa\u00e7o de anima\u00e7\u00e3o e profecia sempre aberto \u00e0s pessoas, grupos, entidades, igrejas e movimentos sociais comprometidos com as causas dos\/as exclu\u00eddos\/as.<\/p>\n<p>N\u00e3o \u00e9 um movimento nem uma campanha, mas um espa\u00e7o de participa\u00e7\u00e3o livre e popular.<\/p>\n<p>O Grito dos\/as Exclu\u00eddos\/as deste ano \u2013 em sua 19\u00aa edi\u00e7\u00e3o nacional e 18\u00aa diocesana \u2013 tem como tema \u201cA exclus\u00e3o dos\/as jovens\u201d e como lema \u201cJuventude que ousa lutar constr\u00f3i o Projeto Popular!\u201d. Reflete sobre a situa\u00e7\u00e3o da juventude, v\u00edtima de um sistema que gera exclus\u00e3o, discrimina\u00e7\u00e3o, viol\u00eancia e exterm\u00ednio e convoca os\/as jovens ao protagonismo social.<\/p>\n<p>Hoje, no Brasil, o Estado, como temos, \u00e9 a forma de organiza\u00e7\u00e3o da classe dominante. Sua fun\u00e7\u00e3o \u00e9 tornar essa classe sempre mais dominante, visando sua hegemonia; assegurar o funcionamento e a reprodu\u00e7\u00e3o do capital; impedir qualquer tentativa de mobiliza\u00e7\u00e3o popular.<\/p>\n<p>O Grito dos\/as Exclu\u00eddos\/as 2013 incentiva e convoca as organiza\u00e7\u00f5es de articula\u00e7\u00e3o da juventude e da sociedade em geral a se juntarem, lutar e ajudar na constru\u00e7\u00e3o deste Projeto Popular. A luta e a unidade da juventude s\u00e3o muito importantes nesta conjuntura.<\/p>\n<p>Queremos lutar contra a exclus\u00e3o social, sobretudo dos jovens, que cada vez mais se torna invis\u00edvel aos olhos do sistema, do Estado, dos pol\u00edticos e da sociedade como um todo.<\/p>\n<p>Queremos que as pol\u00edticas p\u00fablicas em favor da juventude sejam implementadas e monitoradas, visando uma sociedade mais justa e igualit\u00e1ria.<\/p>\n<p>Clamamos por paz e justi\u00e7a, contra qualquer tipo de exterm\u00ednio, seja f\u00edsico ou mental, que atinja nossa juventude e convidamos a todos\/as a somar-se \u00e0s lutas que j\u00e1 v\u00eam acontecendo.<\/p>\n<p>Que voc\u00eas jovens se lancem no desafio da constru\u00e7\u00e3o do Projeto Popular. O que ser\u00e1 poss\u00edvel com a luta pela constru\u00e7\u00e3o de uma democracia plena e real, que socialize o acesso a todos os direitos, inclusive \u00e0 soberania.<\/p>\n<p>N\u00e3o podemos ficar desiludidos com a corrup\u00e7\u00e3o daqueles que \u201cem vez de buscar o bem comum procuram seu pr\u00f3prio benef\u00edcio\u201d.<i> <\/i>Fazemos nossa a palavra do Papa Francisco que nos diz: nunca desanimem, n\u00e3o percam a confian\u00e7a, n\u00e3o deixem que se apague a esperan\u00e7a. A realidade pode mudar, o homem pode mudar.<\/p>\n<p>Diante da situa\u00e7\u00e3o ca\u00f3tica em que vive o nosso Munic\u00edpio, a Igreja Cat\u00f3lica como \u201cadvogada da justi\u00e7a e defensora dos pobres\u201d, diante dos clamores do povo, se coloca \u00e0 disposi\u00e7\u00e3o para ajudar no di\u00e1logo a fim de que se chegue a uma solu\u00e7\u00e3o em benef\u00edcio da popula\u00e7\u00e3o, em especial aquela mais pobre e carente.<\/p>\n<p>A Igreja Cat\u00f3lica em Ilh\u00e9us est\u00e1 do lado da popula\u00e7\u00e3o, \u201ctrazendo o bem precioso da f\u00e9 em Jesus Cristo, que veio para que todos tenham vida em abund\u00e2ncia\u201d.<\/p>\n<p>Com o Papa Francisco tamb\u00e9m clamamos: \u201cNunca mais a guerra! Nunca mais a guerra! A paz \u00e9 um dom demasiado precioso, que deve ser promovido e tutelado\u201d.<\/p>\n<p>Diante das terr\u00edveis imagens vistas nos \u00faltimos dias na S\u00edria tamb\u00e9m n\u00f3s ficamos angustiados por aquilo que pode acontecer se for declarada a guerra que Obama quer fazer.<\/p>\n<p>O compromisso pela Paz proposto pelo Papa se estende a todos, pois \u201ca paz \u00e9 um bem<b> <\/b>que supera qualquer barreira, porque \u00e9 um bem de toda a humanidade\u201d.<\/p>\n<p>O Papa Francisco convidou todo mundo crist\u00e3o e n\u00e3o crist\u00e3o a se unir a ele no dia de hoje para um jejum e uma vig\u00edlia de ora\u00e7\u00e3o pela paz. N\u00f3s faremos uma vig\u00edlia aqui na catedral hoje a partir das 19 horas. Todos se sintam convidados a participar.<\/p>\n<p>Rezemos juntos: Pai nosso.<\/p>\n<p>A b\u00ean\u00e7\u00e3o de Deus todo poderoso des\u00e7a sobre todos: Pai, Filho e Esp\u00edrito Santo.<\/p>\n<p>Am\u00e9m.!<\/p>\n<p align=\"center\">\u00a0Dom Mauro Montagnoli<\/p>\n<p align=\"center\">Bispo diocesano<\/p>\n","protected":false},"excerpt":{"rendered":"<p>\u201cJuventude que ousa lutar constr\u00f3i o Projeto Popular!\u201d O Grito dos\/as Exclu\u00eddos\/as \u00e9 uma manifesta\u00e7\u00e3o popular com muito simbolismo, \u00e9 um espa\u00e7o de anima\u00e7\u00e3o e profecia sempre aberto \u00e0s pessoas, grupos, entidades, igrejas e movimentos sociais comprometidos com as causas dos\/as exclu\u00eddos\/as. N\u00e3o \u00e9 um movimento nem uma campanha, mas um espa\u00e7o de participa\u00e7\u00e3o livre [&hellip;]<\/p>\n","protected":false},"author":2,"featured_media":0,"comment_status":"open","ping_status":"open","sticky":false,"template":"","format":"standard","meta":{"_links_to":"","_links_to_target":""},"categories":[14],"tags":[],"_links":{"self":[{"href":"https:\/\/www.r2cpress.com.br\/v1\/wp-json\/wp\/v2\/posts\/71409"}],"collection":[{"href":"https:\/\/www.r2cpress.com.br\/v1\/wp-json\/wp\/v2\/posts"}],"about":[{"href":"https:\/\/www.r2cpress.com.br\/v1\/wp-json\/wp\/v2\/types\/post"}],"author":[{"embeddable":true,"href":"https:\/\/www.r2cpress.com.br\/v1\/wp-json\/wp\/v2\/users\/2"}],"replies":[{"embeddable":true,"href":"https:\/\/www.r2cpress.com.br\/v1\/wp-json\/wp\/v2\/comments?post=71409"}],"version-history":[{"count":2,"href":"https:\/\/www.r2cpress.com.br\/v1\/wp-json\/wp\/v2\/posts\/71409\/revisions"}],"predecessor-version":[{"id":71411,"href":"https:\/\/www.r2cpress.com.br\/v1\/wp-json\/wp\/v2\/posts\/71409\/revisions\/71411"}],"wp:attachment":[{"href":"https:\/\/www.r2cpress.com.br\/v1\/wp-json\/wp\/v2\/media?parent=71409"}],"wp:term":[{"taxonomy":"category","embeddable":true,"href":"https:\/\/www.r2cpress.com.br\/v1\/wp-json\/wp\/v2\/categories?post=71409"},{"taxonomy":"post_tag","embeddable":true,"href":"https:\/\/www.r2cpress.com.br\/v1\/wp-json\/wp\/v2\/tags?post=71409"}],"curies":[{"name":"wp","href":"https:\/\/api.w.org\/{rel}","templated":true}]}}