{"id":71413,"date":"2013-09-06T12:15:35","date_gmt":"2013-09-06T15:15:35","guid":{"rendered":"http:\/\/www.r2cpress.com.br\/v1\/?p=71413"},"modified":"2013-09-06T12:15:35","modified_gmt":"2013-09-06T15:15:35","slug":"marinha-do-brasil-47","status":"publish","type":"post","link":"https:\/\/www.r2cpress.com.br\/v1\/2013\/09\/06\/marinha-do-brasil-47\/","title":{"rendered":"Marinha do Brasil"},"content":{"rendered":"<p><center><iframe loading=\"lazy\" src=\"http:\/\/www.slideshare.net\/slideshow\/embed_code\/25960167\" width=\"479\" height=\"511\" frameborder=\"0\" marginwidth=\"0\" marginheight=\"0\" scrolling=\"no\" style=\"border:1px solid #CCC;border-width:1px 1px 0;margin-bottom:5px\" allowfullscreen webkitallowfullscreen mozallowfullscreen> <\/iframe> <\/p>\n<div style=\"margin-bottom:5px\"> <strong> <a href=\"https:\/\/www.slideshare.net\/r2cpress\/marinha-abre-698-vagas-para-nvel-tcnico-25960167\" title=\"Marinha abre 698 vagas para n\u00edvel t\u00e9cnico\" target=\"_blank\">Marinha abre 698 vagas para n\u00edvel t\u00e9cnico<\/a> <\/strong> from <strong><a href=\"http:\/\/www.slideshare.net\/r2cpress\" target=\"_blank\">Roberto Rabat Chame<\/a><\/strong> <\/div>\n<p><strong>Para ler em TELA CHEIA clique onde est\u00e3o as 4 setinhas (Lado direito).<\/strong><\/center><\/p>\n","protected":false},"excerpt":{"rendered":"<p>Marinha abre 698 vagas para n\u00edvel t\u00e9cnico from Roberto Rabat Chame Para ler em TELA CHEIA clique onde est\u00e3o as 4 setinhas (Lado direito).<\/p>\n","protected":false},"author":2,"featured_media":0,"comment_status":"open","ping_status":"open","sticky":false,"template":"","format":"standard","meta":{"_links_to":"","_links_to_target":""},"categories":[18],"tags":[],"_links":{"self":[{"href":"https:\/\/www.r2cpress.com.br\/v1\/wp-json\/wp\/v2\/posts\/71413"}],"collection":[{"href":"https:\/\/www.r2cpress.com.br\/v1\/wp-json\/wp\/v2\/posts"}],"about":[{"href":"https:\/\/www.r2cpress.com.br\/v1\/wp-json\/wp\/v2\/types\/post"}],"author":[{"embeddable":true,"href":"https:\/\/www.r2cpress.com.br\/v1\/wp-json\/wp\/v2\/users\/2"}],"replies":[{"embeddable":true,"href":"https:\/\/www.r2cpress.com.br\/v1\/wp-json\/wp\/v2\/comments?post=71413"}],"version-history":[{"count":3,"href":"https:\/\/www.r2cpress.com.br\/v1\/wp-json\/wp\/v2\/posts\/71413\/revisions"}],"predecessor-version":[{"id":71416,"href":"https:\/\/www.r2cpress.com.br\/v1\/wp-json\/wp\/v2\/posts\/71413\/revisions\/71416"}],"wp:attachment":[{"href":"https:\/\/www.r2cpress.com.br\/v1\/wp-json\/wp\/v2\/media?parent=71413"}],"wp:term":[{"taxonomy":"category","embeddable":true,"href":"https:\/\/www.r2cpress.com.br\/v1\/wp-json\/wp\/v2\/categories?post=71413"},{"taxonomy":"post_tag","embeddable":true,"href":"https:\/\/www.r2cpress.com.br\/v1\/wp-json\/wp\/v2\/tags?post=71413"}],"curies":[{"name":"wp","href":"https:\/\/api.w.org\/{rel}","templated":true}]}}