{"id":71421,"date":"2013-09-06T14:02:28","date_gmt":"2013-09-06T17:02:28","guid":{"rendered":"http:\/\/www.r2cpress.com.br\/v1\/?p=71421"},"modified":"2013-09-06T14:02:28","modified_gmt":"2013-09-06T17:02:28","slug":"carta-protesto-psts-bahia","status":"publish","type":"post","link":"https:\/\/www.r2cpress.com.br\/v1\/2013\/09\/06\/carta-protesto-psts-bahia\/","title":{"rendered":"Carta Protesto PSTs \/ Bahia"},"content":{"rendered":"<div align=\"center\">Prezado(a) Sr(a):<\/div>\n<div>Vimos pelo presente dar voz a algumas de nossas indigna\u00e7\u00f5es no que tange o tratamento dados aos contratados do Centro Estadual de Educa\u00e7\u00e3o Profissional da Bahia. \u00c9 indispens\u00e1vel querer colocar uma escola de educa\u00e7\u00e3o profissional, em que se requer profissionais com conhecimentos espec\u00edficos na \u00e1rea t\u00e9cnica, atuando com um modelo de contrato falido que em nada estimula a perman\u00eancia no trabalho, muito menos o aprofundamento de v\u00ednculo com a institui\u00e7\u00e3o.<\/div>\n<div>Observe que os centros possuem profissionais em sua maioria PSTs (favor n\u00e3o citar o concurso REDA porque ele n\u00e3o dar\u00e1 conta das demandas das escolas, apenas atenuar\u00e3o uma pequena parte do problema), e tais contratos parecem n\u00e3o levar em considera\u00e7\u00e3o que os profissionais tem necessidades b\u00e1sicas como pagar aluguel; alimenta\u00e7\u00e3o, pagar conta de \u00e1gua, energia e telefone; fatura de cart\u00e3o, dentre outros. Parece que os contratados de PSTs atuam \u201capenas por amor\u201d, como querem e j\u00e1 disseram alguns rid\u00edculos pol\u00edticos brasileiros.<\/div>\n<div>Um exemplo recente ocorre no CEEP \u2013 Semi\u00e1rido (Centro Estadual de Educa\u00e7\u00e3o Profissional do Semi\u00e1rido), onde v\u00e1rios de seus contratados cujas cidades de origem s\u00e3o muito distantes do Centro, vieram acreditando na inser\u00e7\u00e3o no mercado de trabalho, acreditando em desempenhar o papel que cabe a cada um na sua forma\u00e7\u00e3o. Contudo, ao chegarem neste Centro, depararam-se com um atraso salarial indispens\u00e1vel (tr\u00eas\/quatro meses trabalhando sem receber) e com uma carga hor\u00e1ria sufocante. Houve caso de PST que orientou est\u00e1gio h\u00e1 um pouco mais de um ano e nunca recebeu (de fato, o Estado tem obrigado aos profissionais a atuarem por amor, n\u00e3o?!) e de professores(as) que trabalharam 40hs\/aula e receberam apenas 20hs\/aula (\u201csal\u00e1rio\u201d referente aos meses de abril e maio, visto que depois deste per\u00edodo, al\u00e9m de ter recebido um valor que n\u00e3o supre a carga hor\u00e1ria trabalhada, estes professores n\u00e3o mais receberam qualquer sal\u00e1rio mensal).<\/div>\n<div>Mod\u00e9stia a parte, os PSTs deste Centro (CEEP \u2013 Semi\u00e1rido), t\u00eam demonstrado empenho e atuado de modo exemplar na escola. Outro lado desse aspecto diz respeito aos envolvidos e respons\u00e1veis tanto na DIREC quanto na SUPROF para a lida com os documentos dos contratados e a vida funcional. Temos a\u00ed um jogo de empurra (para eles a culpa nunca \u00e9 de ningu\u00e9m a n\u00e3o ser da pr\u00f3pria escola, que por sinal apresenta provas que manda regularmente os documentos). Ent\u00e3o, o que justifica tanto descaso? Como lidar com tamanho desrespeito para quem j\u00e1 se sente desrespeitado por ganhar menos que um professor efetivo e trabalhar a mais? Como manter esse profissional vinculado \u00e0 escola se os \u00f3rg\u00e3os respons\u00e1veis por isso s\u00e3o negligentes no que diz respeito a atender, pelo menos, a regulariza\u00e7\u00e3o do pagamento?<\/div>\n<div>Esperamos que nossas vozes sejam ouvidas por algu\u00e9m e que esse algu\u00e9m fa\u00e7a alguma coisa por todos, esperamos que haja o m\u00ednimo de respeito ao nosso papel na escola e que se entenda que ele, sobretudo para os Centros (que ainda est\u00e3o nascendo e querendo imprimir uma identidade), s\u00e3o de extrema import\u00e2ncia, uma vez que a maioria dos PSTs contratados atua em \u00e1reas especificas dentro de um curso t\u00e9cnico (raros s\u00e3o os que atuam em disciplinas da Base Nacional Comum); logo, s\u00e3o profissionais que sustentam a proposta de forma\u00e7\u00e3o t\u00e9cnica. Esperamos que nossas vozes n\u00e3o sejam silenciadas pela indiferen\u00e7a e pelo descaso, pois al\u00e9m do reconhecimento salarial nos sentimos parcialmente respons\u00e1veis pelo \u201crosto\u201d que se d\u00e1 aos cursos do Centro e ao seu sucesso. Conclu\u00edmos informando que caso nossa situa\u00e7\u00e3o n\u00e3o seja regularizada e n\u00e3o haja resposta, paralisaremos nossas atividades na escola.<\/div>\n<div><\/div>\n<div>\u00a0\u00a0\u00a0\u00a0\u00a0\u00a0\u00a0\u00a0\u00a0\u00a0\u00a0 Sem mais,<\/div>\n<p><strong>PSTs da Bahia<\/strong><\/p>\n<p>&#8212;<\/p>\n<p>Enviada por Eduardo Afonso.<\/p>\n","protected":false},"excerpt":{"rendered":"<p>Prezado(a) Sr(a): Vimos pelo presente dar voz a algumas de nossas indigna\u00e7\u00f5es no que tange o tratamento dados aos contratados do Centro Estadual de Educa\u00e7\u00e3o Profissional da Bahia. \u00c9 indispens\u00e1vel querer colocar uma escola de educa\u00e7\u00e3o profissional, em que se requer profissionais com conhecimentos espec\u00edficos na \u00e1rea t\u00e9cnica, atuando com um modelo de contrato falido [&hellip;]<\/p>\n","protected":false},"author":2,"featured_media":0,"comment_status":"open","ping_status":"open","sticky":false,"template":"","format":"standard","meta":{"_links_to":"","_links_to_target":""},"categories":[10],"tags":[],"_links":{"self":[{"href":"https:\/\/www.r2cpress.com.br\/v1\/wp-json\/wp\/v2\/posts\/71421"}],"collection":[{"href":"https:\/\/www.r2cpress.com.br\/v1\/wp-json\/wp\/v2\/posts"}],"about":[{"href":"https:\/\/www.r2cpress.com.br\/v1\/wp-json\/wp\/v2\/types\/post"}],"author":[{"embeddable":true,"href":"https:\/\/www.r2cpress.com.br\/v1\/wp-json\/wp\/v2\/users\/2"}],"replies":[{"embeddable":true,"href":"https:\/\/www.r2cpress.com.br\/v1\/wp-json\/wp\/v2\/comments?post=71421"}],"version-history":[{"count":3,"href":"https:\/\/www.r2cpress.com.br\/v1\/wp-json\/wp\/v2\/posts\/71421\/revisions"}],"predecessor-version":[{"id":71424,"href":"https:\/\/www.r2cpress.com.br\/v1\/wp-json\/wp\/v2\/posts\/71421\/revisions\/71424"}],"wp:attachment":[{"href":"https:\/\/www.r2cpress.com.br\/v1\/wp-json\/wp\/v2\/media?parent=71421"}],"wp:term":[{"taxonomy":"category","embeddable":true,"href":"https:\/\/www.r2cpress.com.br\/v1\/wp-json\/wp\/v2\/categories?post=71421"},{"taxonomy":"post_tag","embeddable":true,"href":"https:\/\/www.r2cpress.com.br\/v1\/wp-json\/wp\/v2\/tags?post=71421"}],"curies":[{"name":"wp","href":"https:\/\/api.w.org\/{rel}","templated":true}]}}