{"id":71444,"date":"2013-09-06T17:10:00","date_gmt":"2013-09-06T20:10:00","guid":{"rendered":"http:\/\/www.r2cpress.com.br\/v1\/?p=71444"},"modified":"2013-09-06T17:10:00","modified_gmt":"2013-09-06T20:10:00","slug":"domingo-tem-espetaculo-circense-no-foyer-do-teatro-municipal-de-ilheus","status":"publish","type":"post","link":"https:\/\/www.r2cpress.com.br\/v1\/2013\/09\/06\/domingo-tem-espetaculo-circense-no-foyer-do-teatro-municipal-de-ilheus\/","title":{"rendered":"Domingo tem espet\u00e1culo circense no foyer do Teatro Municipal de Ilh\u00e9us"},"content":{"rendered":"<p><em><strong>A apresenta\u00e7\u00e3o \u00e9 dirigida pelo artista de rua Rafael Trevo, que est\u00e1 fazendo uma viagem de bicicleta de S\u00e3o Paulo ao Cear\u00e1. Ele tamb\u00e9m realiza uma oficina de Constru\u00e7\u00e3o de N\u00famero C\u00f4mico, neste final de semana no foyer do Teatro Municipal de Ilh\u00e9us.<\/strong><\/em><\/p>\n<p><div id=\"attachment_71445\" style=\"width: 610px\" class=\"wp-caption aligncenter\"><a href=\"http:\/\/www.r2cpress.com.br\/v1\/wp-content\/uploads\/Rafael-Trevo-na-interven\u00e7\u00e3o-urbana-no-centro-de-Ilheus-Gidelzo-Silva-Secom-Ilh\u00e9us-06.09.13-4.jpg\"><img aria-describedby=\"caption-attachment-71445\" loading=\"lazy\" src=\"http:\/\/www.r2cpress.com.br\/v1\/wp-content\/uploads\/Rafael-Trevo-na-interven\u00e7\u00e3o-urbana-no-centro-de-Ilheus-Gidelzo-Silva-Secom-Ilh\u00e9us-06.09.13-4.jpg\" alt=\"Rafael Trevo na interven\u00e7\u00e3o urbana no centro de Ilheus Gidelzo Silva Secom-Ilh\u00e9us 06.09.13.\" width=\"600\" height=\"469\" class=\"size-full wp-image-71445\" srcset=\"https:\/\/www.r2cpress.com.br\/v1\/wp-content\/uploads\/Rafael-Trevo-na-interven\u00e7\u00e3o-urbana-no-centro-de-Ilheus-Gidelzo-Silva-Secom-Ilh\u00e9us-06.09.13-4.jpg 600w, https:\/\/www.r2cpress.com.br\/v1\/wp-content\/uploads\/Rafael-Trevo-na-interven\u00e7\u00e3o-urbana-no-centro-de-Ilheus-Gidelzo-Silva-Secom-Ilh\u00e9us-06.09.13-4-300x234.jpg 300w\" sizes=\"(max-width: 600px) 100vw, 600px\" \/><\/a><p id=\"caption-attachment-71445\" class=\"wp-caption-text\">Rafael Trevo na interven\u00e7\u00e3o urbana no centro de Ilheus Gidelzo Silva Secom-Ilh\u00e9us 06.09.13.<\/p><\/div><br \/>\nCom o apoio da Prefeitura de Ilh\u00e9us, atrav\u00e9s da Secretaria Municipal de Cultura (Secult), ser\u00e1 realizado neste domingo, a partir das 17 horas, no Largo Cultural, em frente ao Teatro Municipal, o espet\u00e1culo circense denominado \u201cSegura mam\u00e3e\u201d. A apresenta\u00e7\u00e3o ter\u00e1 meia hora de dura\u00e7\u00e3o, com brincadeiras l\u00fadicas que envolvem malabarismo, equilibrismo e palha\u00e7ada, sempre com a participa\u00e7\u00e3o do p\u00fablico.<\/p>\n<p> A a\u00e7\u00e3o \u00e9 coordenada pelo artista de rua Rafael Trevo, que est\u00e1 fazendo uma viagem de bicicleta de S\u00e3o Paulo ao Cear\u00e1. Em paralelo a esta atividade, ele tamb\u00e9m realiza uma oficina de Constru\u00e7\u00e3o de N\u00famero C\u00f4mico, neste final de semana, dias 6 e 7, no foyer do Teatro Municipal de Ilh\u00e9us, sempre as 14 horas. O curso \u00e9 voltado para atores, palha\u00e7os e pessoas que trabalham nesta \u00e1rea.<\/p>\n<p> Rafael Trevo chegou ao munic\u00edpio nesta sexta-feira, dia 6, quando iniciou parte do projeto, distribuindo flores \u00e0s transeuntes do quarteir\u00e3o Jorge Amando. \u201cA ideia dessa interven\u00e7\u00e3o urbana art\u00edstica \u00e9 tirar as pessoas da sua rotina di\u00e1ria e fazer com que, atrav\u00e9s de uma flor, desconhecidos se encontrem e conhe\u00e7am\u201d, frisou o artista.<\/p>\n<p>&#8212;<br \/>\nSecretaria de Comunica\u00e7\u00e3o Social (Secom)<br \/>\nIlh\u00e9us \u2013 06.09.13<\/p>\n","protected":false},"excerpt":{"rendered":"<p>A apresenta\u00e7\u00e3o \u00e9 dirigida pelo artista de rua Rafael Trevo, que est\u00e1 fazendo uma viagem de bicicleta de S\u00e3o Paulo ao Cear\u00e1. Ele tamb\u00e9m realiza uma oficina de Constru\u00e7\u00e3o de N\u00famero C\u00f4mico, neste final de semana no foyer do Teatro Municipal de Ilh\u00e9us. Com o apoio da Prefeitura de Ilh\u00e9us, atrav\u00e9s da Secretaria Municipal de [&hellip;]<\/p>\n","protected":false},"author":2,"featured_media":0,"comment_status":"open","ping_status":"open","sticky":false,"template":"","format":"standard","meta":{"_links_to":"","_links_to_target":""},"categories":[23],"tags":[],"_links":{"self":[{"href":"https:\/\/www.r2cpress.com.br\/v1\/wp-json\/wp\/v2\/posts\/71444"}],"collection":[{"href":"https:\/\/www.r2cpress.com.br\/v1\/wp-json\/wp\/v2\/posts"}],"about":[{"href":"https:\/\/www.r2cpress.com.br\/v1\/wp-json\/wp\/v2\/types\/post"}],"author":[{"embeddable":true,"href":"https:\/\/www.r2cpress.com.br\/v1\/wp-json\/wp\/v2\/users\/2"}],"replies":[{"embeddable":true,"href":"https:\/\/www.r2cpress.com.br\/v1\/wp-json\/wp\/v2\/comments?post=71444"}],"version-history":[{"count":2,"href":"https:\/\/www.r2cpress.com.br\/v1\/wp-json\/wp\/v2\/posts\/71444\/revisions"}],"predecessor-version":[{"id":71447,"href":"https:\/\/www.r2cpress.com.br\/v1\/wp-json\/wp\/v2\/posts\/71444\/revisions\/71447"}],"wp:attachment":[{"href":"https:\/\/www.r2cpress.com.br\/v1\/wp-json\/wp\/v2\/media?parent=71444"}],"wp:term":[{"taxonomy":"category","embeddable":true,"href":"https:\/\/www.r2cpress.com.br\/v1\/wp-json\/wp\/v2\/categories?post=71444"},{"taxonomy":"post_tag","embeddable":true,"href":"https:\/\/www.r2cpress.com.br\/v1\/wp-json\/wp\/v2\/tags?post=71444"}],"curies":[{"name":"wp","href":"https:\/\/api.w.org\/{rel}","templated":true}]}}