{"id":71448,"date":"2013-09-06T19:20:19","date_gmt":"2013-09-06T22:20:19","guid":{"rendered":"http:\/\/www.r2cpress.com.br\/v1\/?p=71448"},"modified":"2013-09-06T19:20:19","modified_gmt":"2013-09-06T22:20:19","slug":"entendimento","status":"publish","type":"post","link":"https:\/\/www.r2cpress.com.br\/v1\/2013\/09\/06\/entendimento\/","title":{"rendered":"ENTENDIMENTO"},"content":{"rendered":"<p><img loading=\"lazy\" class=\"alignright\" alt=\"\" src=\"http:\/\/www.r2cpress.com.br\/v1\/wp-content\/uploads\/zecarlos-r2cpress_reduzida.jpg\" width=\"300\" height=\"207\" \/>N\u00e3o tem jeito, a situa\u00e7\u00e3o est\u00e1 exposta, o alcaide foi eleito legalmente pelo voto popular, e \u00e9 o que temos no momento para tocar a gest\u00e3o p\u00fablica, queiramos ou n\u00e3o.<\/p>\n<p>Pelo fato de n\u00e3o ter jeito, somos da humilde opini\u00e3o que devemos todos trabalhar pela reconstru\u00e7\u00e3o da cidade, pois pra tirar o atual alcaide n\u00e3o existe ainda nenhum pretexto que possa afast\u00e1-lo do pal\u00e1cio.<\/p>\n<p>Reconhecemos tamb\u00e9m que nas suas gest\u00f5es anteriores muito foi feito pela cidade, s\u00f3 que no seu \u00faltimo mandato a coisa pegou feio e a\u00ed tivemos o in\u00edcio dos malfadados oito anos de bagun\u00e7a administrativa. Como se v\u00ea a coisa vem de longe.<\/p>\n<p>O pau t\u00e1 comendo solto na casa de noca, \u00e9 a express\u00e3o mais correta para definir a crise que se abateu sobre a nossa sofrida cidade.<\/p>\n<p>Em apoio ao coment\u00e1rio de um conhecido radialista da cidade, devemos todos partir para ajudar na reconstru\u00e7\u00e3o do nosso patrim\u00f4nio maior que \u00e9 a cidade de S\u00e3o Jorge dos Ilh\u00e9us, n\u00e3o vemos outro jeito, deixemos o antagonismo de lado e vamos focar toda a artilharia em novos dias, j\u00e1 se passaram mais de um m\u00eas e com certeza n\u00e3o pode ir mais adiante, pois de uma crise podemos alcan\u00e7ar o caos incontrol\u00e1vel.<\/p>\n<p><!--more--><\/p>\n<p>O alcaide sentiu a barra pesar e convocou o pacto para ajud\u00e1-lo, s\u00f3 que agora \u00e9 necess\u00e1rio a jun\u00e7\u00e3o de todos os segmentos num s\u00f3 projeto, num pacto mais abrangente, que possa extirpar este grave impasse e a normalidade pol\u00edtico\/administrativa volte a reinar.<\/p>\n<p>Muitos n\u00e3o aceitam que a crise tem mais de 12 anos, se pegando apenas aos inesquec\u00edveis e terr\u00edveis oito anos passados, o que convenhamos n\u00e3o \u00e9 a express\u00e3o da verdade.<\/p>\n<p>Essa turma da coura\u00e7a que defende com unhas e dentes o seu l\u00edder m\u00e1ximo tem mais \u00e9 obriga\u00e7\u00e3o de assim proceder, pois as benesses, os favores, os empregos de amigos, parentes e aderentes levam a que n\u00e3o olhe um cent\u00edmetro do que est\u00e1 \u00e0 sua frente e fa\u00e7am de um tudo para defender o seu pir\u00e3o primeiro. Muitos que a\u00ed est\u00e3o ocupando cargos comissionados e contratados investiram na campanha e tiveram o reconhecimento com as coloca\u00e7\u00f5es ofertadas pelo l\u00edder m\u00e1ximo.<\/p>\n<p>De minha parte n\u00e3o existe nenhum receio em escrever estas linhas, pois n\u00e3o tenho rabo preso com nenhum pol\u00edtico, nenhum partido e nem preciso de favor ou emprego de prefeito ou vereador para viver, sou um servidor p\u00fablico concursado, hoje aposentado e nunca precisei de nenhum pol\u00edtico para tocar minha vida, gra\u00e7as ao Senhor de Todos os Ex\u00e9rcitos, portanto, livre para exercer minha cidadania com total independ\u00eancia.<\/p>\n<p>Preciso sim de homens s\u00e9rios que consigam exercer seus cargos com renovado ardor de cidadania em benef\u00edcio da nossa cidade, em assim procedendo j\u00e1 est\u00e1 de bom tamanho.<\/p>\n<p><b>Z\u00c9CARLOS JUNIOR<\/b><\/p>\n","protected":false},"excerpt":{"rendered":"<p>N\u00e3o tem jeito, a situa\u00e7\u00e3o est\u00e1 exposta, o alcaide foi eleito legalmente pelo voto popular, e \u00e9 o que temos no momento para tocar a gest\u00e3o p\u00fablica, queiramos ou n\u00e3o. Pelo fato de n\u00e3o ter jeito, somos da humilde opini\u00e3o que devemos todos trabalhar pela reconstru\u00e7\u00e3o da cidade, pois pra tirar o atual alcaide n\u00e3o [&hellip;]<\/p>\n","protected":false},"author":2,"featured_media":0,"comment_status":"open","ping_status":"open","sticky":false,"template":"","format":"standard","meta":{"_links_to":"","_links_to_target":""},"categories":[10],"tags":[],"_links":{"self":[{"href":"https:\/\/www.r2cpress.com.br\/v1\/wp-json\/wp\/v2\/posts\/71448"}],"collection":[{"href":"https:\/\/www.r2cpress.com.br\/v1\/wp-json\/wp\/v2\/posts"}],"about":[{"href":"https:\/\/www.r2cpress.com.br\/v1\/wp-json\/wp\/v2\/types\/post"}],"author":[{"embeddable":true,"href":"https:\/\/www.r2cpress.com.br\/v1\/wp-json\/wp\/v2\/users\/2"}],"replies":[{"embeddable":true,"href":"https:\/\/www.r2cpress.com.br\/v1\/wp-json\/wp\/v2\/comments?post=71448"}],"version-history":[{"count":3,"href":"https:\/\/www.r2cpress.com.br\/v1\/wp-json\/wp\/v2\/posts\/71448\/revisions"}],"predecessor-version":[{"id":71451,"href":"https:\/\/www.r2cpress.com.br\/v1\/wp-json\/wp\/v2\/posts\/71448\/revisions\/71451"}],"wp:attachment":[{"href":"https:\/\/www.r2cpress.com.br\/v1\/wp-json\/wp\/v2\/media?parent=71448"}],"wp:term":[{"taxonomy":"category","embeddable":true,"href":"https:\/\/www.r2cpress.com.br\/v1\/wp-json\/wp\/v2\/categories?post=71448"},{"taxonomy":"post_tag","embeddable":true,"href":"https:\/\/www.r2cpress.com.br\/v1\/wp-json\/wp\/v2\/tags?post=71448"}],"curies":[{"name":"wp","href":"https:\/\/api.w.org\/{rel}","templated":true}]}}