{"id":71452,"date":"2013-09-06T19:28:11","date_gmt":"2013-09-06T22:28:11","guid":{"rendered":"http:\/\/www.r2cpress.com.br\/v1\/?p=71452"},"modified":"2013-09-06T19:28:11","modified_gmt":"2013-09-06T22:28:11","slug":"semana-da-diversidade-discute-estado-laico-e-direitos-da-minoria","status":"publish","type":"post","link":"https:\/\/www.r2cpress.com.br\/v1\/2013\/09\/06\/semana-da-diversidade-discute-estado-laico-e-direitos-da-minoria\/","title":{"rendered":"Semana da Diversidade discute Estado laico e direitos da minoria"},"content":{"rendered":"<p><span style=\"font-size: medium;\"><span style=\"font-family: Times New Roman;\">Parte das atividades da II Semana da Diversidade, foi realizada, na tarde desta sexta-feira, dia 6, na unidade da Universidade Salvador \u2013 Unifacs do Caminho das \u00c1rvores, uma mesa de discuss\u00e3o com o tema <i>A constru\u00e7\u00e3o do Estado laico no Brasil e os desafios para a justi\u00e7a e a educa\u00e7\u00e3o para a manuten\u00e7\u00e3o dos direitos das minorias. <\/i><\/span><\/span><span style=\"font-size: medium;\"><span style=\"font-family: Times New Roman;\">Presidida pelo antrop\u00f3logo Luiz Mott, a mesa teve como moderadora a chefe de Gabinete da Secretaria do Trabalho, Emprego, Renda e Esporte, Ol\u00edvia Santana.<\/span><\/span><\/p>\n<p><span style=\"font-size: medium;\"><span style=\"font-family: Times New Roman;\">Dentro desta discuss\u00e3o, foram debatidos tr\u00eas subtemas <i>O casamento igualit\u00e1rio como \u00edcone da universalidade das garantias constitucionais, <\/i>com a apresenta\u00e7\u00e3o da advogada Jurema Cintra Barreto, presidente da Comiss\u00e3o de Diversidade Sexual e Enfrentamento \u00e0 Homofobia da Ordem dos Advogados da Bahia (OAB). \u00a0Em seguida, a deputada federal Erika Kokay (DF), da Frente Parlamentar Mista de Enfrentamento \u00e0 Aids, falou sobre <i>O avan\u00e7o do fundamentalismo religioso na pol\u00edtica brasileira: desafio aos direitos humanos.<\/i><b> <\/b><\/span><\/span><\/p>\n<p><span style=\"font-size: medium;\"><span style=\"font-family: Times New Roman;\">Encerrando as discuss\u00f5es, a professora da Universidade do Estado da Bahia, a antrop\u00f3loga Am\u00e9lia Maraux, abordou o tema <i>O entorno conservador e o aumento do bullying escolar contra LGBT, negros e outras minorias.<\/i><\/span><\/span><\/p>\n<p><b><\/b><span style=\"font-family: Times New Roman; font-size: medium;\">Realizada pelo Grupo Gay da Bahia, com o apoio do Governo do Estado<\/span><span style=\"font-family: Times New Roman; font-size: medium;\">, as atividades da II Semana da Diversidade antecedem \u00e0 12<sup>a<\/sup> Parada Gay da Bahia, que ser\u00e1 realizada, neste domingo (8), no Centro de Salvador.<\/span><\/p>\n<div><i><span style=\"font-family: Times New Roman; font-size: medium;\"> &#8212;<\/span><\/i><\/div>\n<p><i><span style=\"font-size: medium;\"><span style=\"font-family: Times New Roman;\">Ascom\/Setre<br \/>\nTadeu Paz<\/span><\/span><\/i><\/p>\n","protected":false},"excerpt":{"rendered":"<p>Parte das atividades da II Semana da Diversidade, foi realizada, na tarde desta sexta-feira, dia 6, na unidade da Universidade Salvador \u2013 Unifacs do Caminho das \u00c1rvores, uma mesa de discuss\u00e3o com o tema A constru\u00e7\u00e3o do Estado laico no Brasil e os desafios para a justi\u00e7a e a educa\u00e7\u00e3o para a manuten\u00e7\u00e3o dos direitos [&hellip;]<\/p>\n","protected":false},"author":2,"featured_media":0,"comment_status":"open","ping_status":"open","sticky":false,"template":"","format":"standard","meta":{"_links_to":"","_links_to_target":""},"categories":[29],"tags":[],"_links":{"self":[{"href":"https:\/\/www.r2cpress.com.br\/v1\/wp-json\/wp\/v2\/posts\/71452"}],"collection":[{"href":"https:\/\/www.r2cpress.com.br\/v1\/wp-json\/wp\/v2\/posts"}],"about":[{"href":"https:\/\/www.r2cpress.com.br\/v1\/wp-json\/wp\/v2\/types\/post"}],"author":[{"embeddable":true,"href":"https:\/\/www.r2cpress.com.br\/v1\/wp-json\/wp\/v2\/users\/2"}],"replies":[{"embeddable":true,"href":"https:\/\/www.r2cpress.com.br\/v1\/wp-json\/wp\/v2\/comments?post=71452"}],"version-history":[{"count":3,"href":"https:\/\/www.r2cpress.com.br\/v1\/wp-json\/wp\/v2\/posts\/71452\/revisions"}],"predecessor-version":[{"id":71455,"href":"https:\/\/www.r2cpress.com.br\/v1\/wp-json\/wp\/v2\/posts\/71452\/revisions\/71455"}],"wp:attachment":[{"href":"https:\/\/www.r2cpress.com.br\/v1\/wp-json\/wp\/v2\/media?parent=71452"}],"wp:term":[{"taxonomy":"category","embeddable":true,"href":"https:\/\/www.r2cpress.com.br\/v1\/wp-json\/wp\/v2\/categories?post=71452"},{"taxonomy":"post_tag","embeddable":true,"href":"https:\/\/www.r2cpress.com.br\/v1\/wp-json\/wp\/v2\/tags?post=71452"}],"curies":[{"name":"wp","href":"https:\/\/api.w.org\/{rel}","templated":true}]}}