{"id":71456,"date":"2013-09-06T19:32:47","date_gmt":"2013-09-06T22:32:47","guid":{"rendered":"http:\/\/www.r2cpress.com.br\/v1\/?p=71456"},"modified":"2013-09-06T19:32:47","modified_gmt":"2013-09-06T22:32:47","slug":"mpf-pede-providencias-ao-ministerio-da-justica-e-ao-governo-da-bahia-para-cessar-conflitos-e-alerta-para-o-risco-de-mortes-em-bueraremaba","status":"publish","type":"post","link":"https:\/\/www.r2cpress.com.br\/v1\/2013\/09\/06\/mpf-pede-providencias-ao-ministerio-da-justica-e-ao-governo-da-bahia-para-cessar-conflitos-e-alerta-para-o-risco-de-mortes-em-bueraremaba\/","title":{"rendered":"MPF pede provid\u00eancias ao Minist\u00e9rio da Justi\u00e7a e ao Governo da Bahia para cessar conflitos e alerta para o risco de mortes em Buerarema\/BA"},"content":{"rendered":"<h3>Para os procuradores da Rep\u00fablica em Ilh\u00e9us\/BA, a situa\u00e7\u00e3o \u00e9 muito grave e necessita de uma resposta urgente do Minist\u00e9rio da Justi\u00e7a, com incremento das for\u00e7as de seguran\u00e7a na regi\u00e3o e decis\u00e3o sobre o processo demarcat\u00f3rio.<\/h3>\n<p align=\"JUSTIFY\">O Minist\u00e9rio P\u00fablico Federal (MPF) expediu of\u00edcios ao Minist\u00e9rio da Justi\u00e7a e ao Governo da Bahia, com o intuito de buscar o incremento das for\u00e7as de seguran\u00e7a p\u00fablica no Sul do estado, para garantir a ordem p\u00fablica e a paz social na regi\u00e3o, palco de conflitos cada vez mais graves entre \u00edndios e agricultores que reivindicam a posse de terras.<\/p>\n<p align=\"JUSTIFY\">Os of\u00edcios foram expedidos ap\u00f3s reuni\u00f5es entre os Procuradores da Rep\u00fablica em Ilh\u00e9us, lideran\u00e7as ind\u00edgenas, agricultores, \u00f3rg\u00e3os de prote\u00e7\u00e3o aos direitos humanos, Funda\u00e7\u00e3o Nacional do \u00cdndio (Funai) e Pol\u00edcia Federal. Nos pleitos ao Ministro da Justi\u00e7a, Jos\u00e9 Eduardo Cardozo, e ao Governador da Bahia, Jaques Wagner, os membros do MPF relatam o quadro de inseguran\u00e7a da popula\u00e7\u00e3o local, v\u00edtima de tiroteios, agress\u00f5es f\u00edsicas, depreda\u00e7\u00f5es e inc\u00eandios a resid\u00eancias, ve\u00edculos e pr\u00e9dios p\u00fablicos.<\/p>\n<p align=\"JUSTIFY\"><b>Demarca\u00e7\u00e3o de terras ind\u00edgenas \u2013 <\/b>o MPF pede a manifesta\u00e7\u00e3o do Minist\u00e9rio da Justi\u00e7a sobre os estudos da Funai. O prazo legal para o Ministro se pronunciar sobre esses estudos \u00e9 de 30 dias, mas o processo est\u00e1 no Minist\u00e9rio h\u00e1 um ano e meio sem decis\u00e3o. O sil\u00eancio gera incerteza, tens\u00e3o e acirramento dos \u00e2nimos, sendo uma das principais causas dos conflitos na regi\u00e3o.<\/p>\n<p align=\"JUSTIFY\"><b>Policiamento \u2013 <\/b>segundo os of\u00edcios, devido \u00e0s propor\u00e7\u00f5es dos conflitos e \u00e0 extens\u00e3o territorial onde se d\u00e3o os confrontos, \u00e9 clara a insufici\u00eancia do contingente policial local para lidar com a gravidade da situa\u00e7\u00e3o, mesmo ap\u00f3s a chegada de 60 integrantes da For\u00e7a Nacional de Seguran\u00e7a. Por esta raz\u00e3o, o MPF solicita ao Minist\u00e9rio da Justi\u00e7a um maior n\u00famero de homens da For\u00e7a Nacional, e ao Estado da Bahia, maior efetivo de policiais civis e militares para auxiliar no restabelecimento da ordem p\u00fablica e da paz social.<\/p>\n<p align=\"JUSTIFY\"><b>Agravamento dos conflitos. Pedido de investiga\u00e7\u00e3o \u2013 <\/b>Esta semana, segundo informa\u00e7\u00f5es da Funai, um \u00edndio teria sido morto em fazenda localizada na regi\u00e3o da Serra das Trempes, entre as localidades de Una e Ilh\u00e9us, no sul da Bahia, mesmo local onde, na segunda-feira, um agricultor foi baleado. Com o objetivo de investigar tais fatos em toda sua extens\u00e3o, o MPF requisitou a instaura\u00e7\u00e3o de Inqu\u00e9rito \u00e0 Pol\u00edcia Federal em Ilh\u00e9us.<\/p>\n<p>&#8212;<\/p>\n<p>Assessoria de Comunica\u00e7\u00e3o<br \/>\nMinist\u00e9rio P\u00fablico Federal na Bahia<\/p>\n","protected":false},"excerpt":{"rendered":"<p>Para os procuradores da Rep\u00fablica em Ilh\u00e9us\/BA, a situa\u00e7\u00e3o \u00e9 muito grave e necessita de uma resposta urgente do Minist\u00e9rio da Justi\u00e7a, com incremento das for\u00e7as de seguran\u00e7a na regi\u00e3o e decis\u00e3o sobre o processo demarcat\u00f3rio. O Minist\u00e9rio P\u00fablico Federal (MPF) expediu of\u00edcios ao Minist\u00e9rio da Justi\u00e7a e ao Governo da Bahia, com o intuito [&hellip;]<\/p>\n","protected":false},"author":2,"featured_media":0,"comment_status":"open","ping_status":"open","sticky":false,"template":"","format":"standard","meta":{"_links_to":"","_links_to_target":""},"categories":[13],"tags":[],"_links":{"self":[{"href":"https:\/\/www.r2cpress.com.br\/v1\/wp-json\/wp\/v2\/posts\/71456"}],"collection":[{"href":"https:\/\/www.r2cpress.com.br\/v1\/wp-json\/wp\/v2\/posts"}],"about":[{"href":"https:\/\/www.r2cpress.com.br\/v1\/wp-json\/wp\/v2\/types\/post"}],"author":[{"embeddable":true,"href":"https:\/\/www.r2cpress.com.br\/v1\/wp-json\/wp\/v2\/users\/2"}],"replies":[{"embeddable":true,"href":"https:\/\/www.r2cpress.com.br\/v1\/wp-json\/wp\/v2\/comments?post=71456"}],"version-history":[{"count":3,"href":"https:\/\/www.r2cpress.com.br\/v1\/wp-json\/wp\/v2\/posts\/71456\/revisions"}],"predecessor-version":[{"id":71459,"href":"https:\/\/www.r2cpress.com.br\/v1\/wp-json\/wp\/v2\/posts\/71456\/revisions\/71459"}],"wp:attachment":[{"href":"https:\/\/www.r2cpress.com.br\/v1\/wp-json\/wp\/v2\/media?parent=71456"}],"wp:term":[{"taxonomy":"category","embeddable":true,"href":"https:\/\/www.r2cpress.com.br\/v1\/wp-json\/wp\/v2\/categories?post=71456"},{"taxonomy":"post_tag","embeddable":true,"href":"https:\/\/www.r2cpress.com.br\/v1\/wp-json\/wp\/v2\/tags?post=71456"}],"curies":[{"name":"wp","href":"https:\/\/api.w.org\/{rel}","templated":true}]}}