{"id":71469,"date":"2013-09-06T20:43:48","date_gmt":"2013-09-06T23:43:48","guid":{"rendered":"http:\/\/www.r2cpress.com.br\/v1\/?p=71469"},"modified":"2013-09-06T20:43:48","modified_gmt":"2013-09-06T23:43:48","slug":"demarcacao-porque-deixaram-isto-acontecer","status":"publish","type":"post","link":"https:\/\/www.r2cpress.com.br\/v1\/2013\/09\/06\/demarcacao-porque-deixaram-isto-acontecer\/","title":{"rendered":"DEMARCA\u00c7\u00c3O: PORQUE DEIXARAM ISTO ACONTECER?"},"content":{"rendered":"<p><em><strong>por Edgard Siqueira<\/strong><\/em><\/p>\n<p><b>\u00a0<img loading=\"lazy\" class=\"alignright\" alt=\"\" src=\"http:\/\/www.r2cpress.com.br\/v1\/wp-content\/uploads\/Edgarg-Freitas-de-Siqueira-300x240.jpg\" width=\"300\" height=\"240\" \/><\/b>Durante algum tempo ocupamos este espa\u00e7o, de maneira petulante, j\u00e1 que n\u00e3o somos \u201cdas letras\u201d, com o intuito de transmitir o conhecimento adquirido sobre a melhor maneira de enfrentar o nosso problema conhecido como <b>DEMARCA\u00c7\u00c3O.<\/b> Em dado momento, percebemos que o nosso ciclo tinha se esgotado, principalmente, depois de tomar conhecimento que a Associa\u00e7\u00e3o que representa os Peq. Produtores estava tomando providencias no sentido de procrastinar o nosso processo liminarmente. Infelizmente, <b>LEDO ENGANO.<\/b><\/p>\n<p>Estamos vivendo o pior momento desde que este pesadelo caiu sobre as nossas cabe\u00e7as e continuamos a tomar conhecimento atrav\u00e9s da m\u00eddia, de medidas apenas de cunho politicamente pontual, j\u00e1 que as agress\u00f5es sofridas pelos <b>AGRICULTORES<\/b> extrapolaram a ordem social e se tornou uma quest\u00e3o de seguran\u00e7a publica, provocando os pol\u00edticos a mostrarem as caras, na velha pr\u00e1tica do <i>continue me<\/i> <i>enganando que eu gosto.<\/i><\/p>\n<p>Mas, <b>PORQUE DEIXARAM ISTO ACONTECER?<\/b> Para todos terem, definitivamente, um entendimento fundamentado em fatos que aconteceram e est\u00e3o acontecendo, \u00e9 imprescind\u00edvel que todos assistam e assistam, mais de uma vez, os dois v\u00eddeos em anexo. As semelhan\u00e7as contidas nos v\u00eddeos com a nossa realidade, n\u00e3o s\u00e3o meras coincid\u00eancias, \u00e9 a verdadeira hist\u00f3ria que ningu\u00e9m tem coragem de contar, mesmo sabendo. Assistam ao primeiro v\u00eddeo.<\/p>\n<p><a href=\"http:\/\/www.youtube.com\/watch?v=QQZ3bZGtD6k&amp;feature=youtu.be\">http:\/\/www.youtube.com\/watch?v=QQZ3bZGtD6k&amp;feature=youtu.be<\/a><\/p>\n<p>Vimos no v\u00eddeo, sobre a \u00f3tica da Constitui\u00e7\u00e3o Federal, a opini\u00e3o imparcial de um Juiz Federal, que faz a mais esclarecedora exposi\u00e7\u00e3o sobre os processos de demarca\u00e7\u00e3o de terras ind\u00edgenas. O mais importante, \u00e9 que ficou claro de que <b>JURIDICAMENTE<\/b> podemos reverter o nosso processo, mesmo tendo perdido as posses de nossas propriedades, desde que saibamos usar a muni\u00e7\u00e3o que dispomos, fato que at\u00e9 hoje n\u00e3o aconteceu. Complementando ao primeiro, assistam com muita aten\u00e7\u00e3o ao segundo v\u00eddeo.<\/p>\n<p><a href=\"http:\/\/www.youtube.com\/watch?v=5CrteHEyfqY\">http:\/\/www.youtube.com\/watch?v=5CrteHEyfqY<\/a><\/p>\n<p><b>PORQUE DEIXARAM ISTO ACONTECER<\/b>?<\/p>\n<p><!--more--><\/p>\n<p>No relato feito pelo Juiz neste v\u00eddeo, Ele nos responde de maneira convincente a este questionamento. Al\u00e9m da <b>FUNAI<\/b>, estamos sendo vitimas de pessoas inescrupulosas. Lobos disfar\u00e7ados em pele de cordeiros \u201csalvadores\u201d. A exposi\u00e7\u00e3o feita pelo Juiz \u00e9 rigorosamente id\u00eantica a nossa realidade. As manobras por Ele denunciadas aconteceram e est\u00e3o acontecendo conosco. Se n\u00e3o vejamos:<\/p>\n<ul>\n<li>Porque at\u00e9 hoje os advogados contratados pela Associa\u00e7\u00e3o n\u00e3o interpuseram nenhuma medida jur\u00eddica?<\/li>\n<li>Porque o Presidente da Associa\u00e7\u00e3o n\u00e3o aceitou a vinda do advogado da CNA que se disponibilizou?<\/li>\n<li>Cad\u00ea o \u201cmandato de seguran\u00e7a definitivo\u201d, decantado a quatro ventos?<\/li>\n<li>Porque todas as medidas de cunho protelat\u00f3rio, as<b> LIMINARES<\/b>, eram combatidas com todas as armas?<\/li>\n<li>Porque todas as sugest\u00f5es para processar servidores da <b>FUNAI<\/b> por nos caluniar n\u00e3o eram aceitas?<\/li>\n<li>Porque n\u00e3o representou contra Promotores do MP que estavam incentivando o acirramento do conflito, ao autorizar as invas\u00f5es?<\/li>\n<li>Porque o advogado contratado em Ilh\u00e9us era mantido \u00e0 distancia e nunca aparecia para ser questionado sobre as medidas cab\u00edveis?<\/li>\n<li>Porque afastaram da associa\u00e7\u00e3o aqueles que defendiam as a\u00e7\u00f5es jur\u00eddicas e combatiam a omiss\u00e3o e a teimosia.<\/li>\n<li>Porque no contrato do advogado assistente consta uma clausula que lhes garante os honor\u00e1rios de sucumb\u00eancia ao final do processo? Isto quer dizer, se a <b>FUNAI<\/b> sucumbir e ganharmos o processo no Supremo ser\u00e1 estabelecido um percentual sobre o valor da causa para o advogado assistente, um montante muito atraente. \u00a0<b>Um contrato 100% legal, mas, imposs\u00edvel de medir a grandeza da sua imoralidade.<\/b><\/li>\n<li>Ser\u00e1 que era do nosso interesse correr este risco, inclusive, perdendo a posse das nossas propriedades?<\/li>\n<li>O que justifica esta falta de a\u00e7\u00e3o jur\u00eddica, embora os advogados contratados tenham recebidos honor\u00e1rios para esta finalidade?<\/li>\n<\/ul>\n<p>A exposi\u00e7\u00e3o do Juiz Federal responde e justifica o que fizeram conosco at\u00e9 agora. Como disse o Juiz: \u201c<b>se o advogado at\u00e9 concordar e o negocio ficar controverso, contrario aos interesses dos agricultores na fase preliminar do processo&#8230;\u201d<\/b> Exatamente foi o que aconteceu conosco, o Presidente da Associa\u00e7\u00e3o e o seu advogado, tiveram o desplante de fornecer informa\u00e7\u00f5es para a <b>FUNAI<\/b>, com intuito de que a nossa <b>LIMINAR<\/b> fosse derrubada, induzindo o celeridade processo atendendo aos seus interesses. Temos em \u00e1udio a fala do presidente se gabando deste feito macabro.<\/p>\n<p>Como daqui alertei, como conclamei para que <b>PROCRASTINASSEMOS<\/b> o nosso processo, e olha que t\u00ednhamos ferramentas de sobra para faz\u00ea-lo. Por isso, a responsabilidade n\u00e3o \u00e9 s\u00f3 dos interesseiros, mas tamb\u00e9m, daqueles que se acovardaram, calando-se, permitindo que esta trag\u00e9dia acontecesse praticamente de maneira quase irrevers\u00edvel. Ela podia um dia acontecer, mas depois de esgotadas todas as possibilidades jur\u00eddicas, e nunca t\u00e3o precocemente.<\/p>\n<p><b>E AGORA? Vamos chorar o leite que deixaram derramar, <\/b>admitindo tardiamente que os nossos alertas n\u00e3o eram uma quest\u00e3o de cunho pessoal, mas uma preocupa\u00e7\u00e3o coletiva<b>. INFELIZMENTE, <\/b>este n\u00e3o era o resultado que desej\u00e1vamos.<\/p>\n","protected":false},"excerpt":{"rendered":"<p>por Edgard Siqueira \u00a0Durante algum tempo ocupamos este espa\u00e7o, de maneira petulante, j\u00e1 que n\u00e3o somos \u201cdas letras\u201d, com o intuito de transmitir o conhecimento adquirido sobre a melhor maneira de enfrentar o nosso problema conhecido como DEMARCA\u00c7\u00c3O. Em dado momento, percebemos que o nosso ciclo tinha se esgotado, principalmente, depois de tomar conhecimento que [&hellip;]<\/p>\n","protected":false},"author":2,"featured_media":0,"comment_status":"open","ping_status":"open","sticky":false,"template":"","format":"standard","meta":{"_links_to":"","_links_to_target":""},"categories":[10],"tags":[],"_links":{"self":[{"href":"https:\/\/www.r2cpress.com.br\/v1\/wp-json\/wp\/v2\/posts\/71469"}],"collection":[{"href":"https:\/\/www.r2cpress.com.br\/v1\/wp-json\/wp\/v2\/posts"}],"about":[{"href":"https:\/\/www.r2cpress.com.br\/v1\/wp-json\/wp\/v2\/types\/post"}],"author":[{"embeddable":true,"href":"https:\/\/www.r2cpress.com.br\/v1\/wp-json\/wp\/v2\/users\/2"}],"replies":[{"embeddable":true,"href":"https:\/\/www.r2cpress.com.br\/v1\/wp-json\/wp\/v2\/comments?post=71469"}],"version-history":[{"count":3,"href":"https:\/\/www.r2cpress.com.br\/v1\/wp-json\/wp\/v2\/posts\/71469\/revisions"}],"predecessor-version":[{"id":71472,"href":"https:\/\/www.r2cpress.com.br\/v1\/wp-json\/wp\/v2\/posts\/71469\/revisions\/71472"}],"wp:attachment":[{"href":"https:\/\/www.r2cpress.com.br\/v1\/wp-json\/wp\/v2\/media?parent=71469"}],"wp:term":[{"taxonomy":"category","embeddable":true,"href":"https:\/\/www.r2cpress.com.br\/v1\/wp-json\/wp\/v2\/categories?post=71469"},{"taxonomy":"post_tag","embeddable":true,"href":"https:\/\/www.r2cpress.com.br\/v1\/wp-json\/wp\/v2\/tags?post=71469"}],"curies":[{"name":"wp","href":"https:\/\/api.w.org\/{rel}","templated":true}]}}