{"id":71487,"date":"2013-09-07T23:34:45","date_gmt":"2013-09-08T02:34:45","guid":{"rendered":"http:\/\/www.r2cpress.com.br\/v1\/?p=71487"},"modified":"2013-09-07T23:34:45","modified_gmt":"2013-09-08T02:34:45","slug":"a-nossa-independencia","status":"publish","type":"post","link":"https:\/\/www.r2cpress.com.br\/v1\/2013\/09\/07\/a-nossa-independencia\/","title":{"rendered":"A NOSSA INDEPEND\u00caNCIA"},"content":{"rendered":"<p><a href=\"http:\/\/www.r2cpress.com.br\/v1\/wp-content\/uploads\/zecarlos-vasco-com-300_CAPA1.jpg\"><img loading=\"lazy\" class=\"alignright size-full wp-image-71488\" alt=\"zecarlos-vasco-com-300_CAPA\" src=\"http:\/\/www.r2cpress.com.br\/v1\/wp-content\/uploads\/zecarlos-vasco-com-300_CAPA1.jpg\" width=\"268\" height=\"224\" \/><\/a>Como n\u00e3o temos nada para comemorar, muito menos a independ\u00eancia da nossa sofrida cidade, inclusive teve um desfile \u201c super animado e bastante concorrido\u201d(aff), mas s\u00f3 esqueceram de avisar aos nossos tradicionais col\u00e9gios.<\/p>\n<p>Coisas da vida e que s\u00f3 a hist\u00f3ria pode um dia contar a quem sobreviver a este novo tsunami que est\u00e1 querendo arrasar com o que resta da cidade.<\/p>\n<p>Ag\u00fcentemos todos juntos e unidos, a nossa independ\u00eancia tarda mais n\u00e3o vai falhar, \u00e9 uma quest\u00e3o de tempo.<\/p>\n<p>Por falar em independ\u00eancia, estas fotos mostram a liberdade de ir e vir de amigos, alguns aposentados e outros ainda na ativa, mas o importante \u00e9 que temos a independ\u00eancia das nossas vidas, de tomar todas, de comer uma boa costela no fogo de abafo, contar muitas piadas e sacanear um com o outro.<\/p>\n<p>Existe coisa melhor na vida?<\/p>\n<p>Tem gente aqui na cidade que sequer pode sair de casa, uns por vergonha, outros porque n\u00e3o tem dinheiro, outros est\u00e3o em depress\u00e3o, outros est\u00e3o com problemas de sa\u00fade, outros preocupados com os processos na justi\u00e7a, mas a vida continua para quem gosta de curti-la.<\/p>\n<p>Portanto, nessa semana da Independ\u00eancia da P\u00e1tria, resolvemos adicionar uma costela de boi e agradecer a Deus por tudo.<\/p>\n<p>Vejam as fotos tiradas no S\u00edtio Cau\u00e3, do nosso amigo Luiz Mota.<\/p>\n<div id=\"attachment_71489\" style=\"width: 614px\" class=\"wp-caption aligncenter\"><a href=\"http:\/\/www.r2cpress.com.br\/v1\/wp-content\/uploads\/CAPA-SITE13.jpg\"><img aria-describedby=\"caption-attachment-71489\" loading=\"lazy\" class=\"size-full wp-image-71489\" alt=\"S\u00edtio Cau\u00e3\" src=\"http:\/\/www.r2cpress.com.br\/v1\/wp-content\/uploads\/CAPA-SITE13.jpg\" width=\"604\" height=\"604\" srcset=\"https:\/\/www.r2cpress.com.br\/v1\/wp-content\/uploads\/CAPA-SITE13.jpg 604w, https:\/\/www.r2cpress.com.br\/v1\/wp-content\/uploads\/CAPA-SITE13-150x150.jpg 150w, https:\/\/www.r2cpress.com.br\/v1\/wp-content\/uploads\/CAPA-SITE13-300x300.jpg 300w\" sizes=\"(max-width: 604px) 100vw, 604px\" \/><\/a><p id=\"caption-attachment-71489\" class=\"wp-caption-text\">S\u00edtio Cau\u00e3<\/p><\/div>\n<p><b>Z\u00c9CARLOS JUNIOR<\/b><\/p>\n","protected":false},"excerpt":{"rendered":"<p>Como n\u00e3o temos nada para comemorar, muito menos a independ\u00eancia da nossa sofrida cidade, inclusive teve um desfile \u201c super animado e bastante concorrido\u201d(aff), mas s\u00f3 esqueceram de avisar aos nossos tradicionais col\u00e9gios. Coisas da vida e que s\u00f3 a hist\u00f3ria pode um dia contar a quem sobreviver a este novo tsunami que est\u00e1 querendo [&hellip;]<\/p>\n","protected":false},"author":2,"featured_media":0,"comment_status":"open","ping_status":"open","sticky":false,"template":"","format":"standard","meta":{"_links_to":"","_links_to_target":""},"categories":[10],"tags":[],"_links":{"self":[{"href":"https:\/\/www.r2cpress.com.br\/v1\/wp-json\/wp\/v2\/posts\/71487"}],"collection":[{"href":"https:\/\/www.r2cpress.com.br\/v1\/wp-json\/wp\/v2\/posts"}],"about":[{"href":"https:\/\/www.r2cpress.com.br\/v1\/wp-json\/wp\/v2\/types\/post"}],"author":[{"embeddable":true,"href":"https:\/\/www.r2cpress.com.br\/v1\/wp-json\/wp\/v2\/users\/2"}],"replies":[{"embeddable":true,"href":"https:\/\/www.r2cpress.com.br\/v1\/wp-json\/wp\/v2\/comments?post=71487"}],"version-history":[{"count":3,"href":"https:\/\/www.r2cpress.com.br\/v1\/wp-json\/wp\/v2\/posts\/71487\/revisions"}],"predecessor-version":[{"id":71492,"href":"https:\/\/www.r2cpress.com.br\/v1\/wp-json\/wp\/v2\/posts\/71487\/revisions\/71492"}],"wp:attachment":[{"href":"https:\/\/www.r2cpress.com.br\/v1\/wp-json\/wp\/v2\/media?parent=71487"}],"wp:term":[{"taxonomy":"category","embeddable":true,"href":"https:\/\/www.r2cpress.com.br\/v1\/wp-json\/wp\/v2\/categories?post=71487"},{"taxonomy":"post_tag","embeddable":true,"href":"https:\/\/www.r2cpress.com.br\/v1\/wp-json\/wp\/v2\/tags?post=71487"}],"curies":[{"name":"wp","href":"https:\/\/api.w.org\/{rel}","templated":true}]}}