{"id":71496,"date":"2013-09-07T23:52:52","date_gmt":"2013-09-08T02:52:52","guid":{"rendered":"http:\/\/www.r2cpress.com.br\/v1\/?p=71496"},"modified":"2013-09-07T23:52:52","modified_gmt":"2013-09-08T02:52:52","slug":"falecimento-do-amigo-bezinho","status":"publish","type":"post","link":"https:\/\/www.r2cpress.com.br\/v1\/2013\/09\/07\/falecimento-do-amigo-bezinho\/","title":{"rendered":"FALECIMENTO DO AMIGO BEZINHO"},"content":{"rendered":"<p>Querido Tinho<\/p>\n<div><\/div>\n<div>Soube com muita tristeza, aqui em Conquista, do falecimento do querido amigo Bezinho a quem eu admirava muito nos bons tempos em Ilh\u00e9us.<\/div>\n<div>Para toda a sua fam\u00edlia e a seu irm\u00e3o <b>Robson<\/b> os nossos sinceros sentimentos. Na pr\u00f3xima quinta feira, no Ter\u00e7o dos Homens faremos uma ora\u00e7\u00e3o para que ele descanse em paz no reino eterno do pai de todos n\u00f3s.<\/div>\n<div>Tamb\u00e9m externamos as nossas condol\u00eancias a todos os seus amigos que durante muito tempo conviveram com ele e que, como n\u00f3s, tamb\u00e9m est\u00e3o sentindo e orando; s\u00e3o eles: <b>Luis Maia ( On\u00e7a ), Gracco, Idaldir, China, Alfredo, Itassucy, Jos\u00e9 Roberto, Dado, Jo\u00e3o Borges, Cibel, Cip\u00e1, Mundinho, Franco Rocha, Zaide, Bira, Papinha, Besco, Edinaldo, Martinho, Dinarco, Sabacu, Cide ( <\/b>t\u00e9cnico de futebol de sal\u00e3o<b> ) Jos\u00e9 Roberto ( <\/b>t\u00e9cnico de futebol de sal\u00e3o<b> ), tantos outros queridos e inesquec\u00edveis amigos pontalenses.\u00a0<\/b><\/div>\n<div><b>\u00a0<\/b><\/div>\n<div>Beijo grande com carinho, saudade e lembran\u00e7as a todos da\u00ed<\/div>\n<div><\/div>\n<div>Jos\u00e9 Rabat Chame<\/div>\n<div><\/div>\n<div>Vit\u00f3ria da Conquista &#8211; Ba<\/div>\n<div><\/div>\n<div>email: <a href=\"mailto:rabatchm@ig.com.br\" target=\"_blank\">rabatchm@ig.com.br<\/a><\/div>\n<div>\u00a0 \u00a0 \u00a0 \u00a0 \u00a0 <a href=\"mailto:jose.rabat@hotmail.com\" target=\"_blank\">jose.rabat@hotmail.com<\/a><\/div>\n","protected":false},"excerpt":{"rendered":"<p>Querido Tinho Soube com muita tristeza, aqui em Conquista, do falecimento do querido amigo Bezinho a quem eu admirava muito nos bons tempos em Ilh\u00e9us. Para toda a sua fam\u00edlia e a seu irm\u00e3o Robson os nossos sinceros sentimentos. Na pr\u00f3xima quinta feira, no Ter\u00e7o dos Homens faremos uma ora\u00e7\u00e3o para que ele descanse em [&hellip;]<\/p>\n","protected":false},"author":2,"featured_media":0,"comment_status":"open","ping_status":"open","sticky":false,"template":"","format":"standard","meta":{"_links_to":"","_links_to_target":""},"categories":[10],"tags":[],"_links":{"self":[{"href":"https:\/\/www.r2cpress.com.br\/v1\/wp-json\/wp\/v2\/posts\/71496"}],"collection":[{"href":"https:\/\/www.r2cpress.com.br\/v1\/wp-json\/wp\/v2\/posts"}],"about":[{"href":"https:\/\/www.r2cpress.com.br\/v1\/wp-json\/wp\/v2\/types\/post"}],"author":[{"embeddable":true,"href":"https:\/\/www.r2cpress.com.br\/v1\/wp-json\/wp\/v2\/users\/2"}],"replies":[{"embeddable":true,"href":"https:\/\/www.r2cpress.com.br\/v1\/wp-json\/wp\/v2\/comments?post=71496"}],"version-history":[{"count":3,"href":"https:\/\/www.r2cpress.com.br\/v1\/wp-json\/wp\/v2\/posts\/71496\/revisions"}],"predecessor-version":[{"id":71499,"href":"https:\/\/www.r2cpress.com.br\/v1\/wp-json\/wp\/v2\/posts\/71496\/revisions\/71499"}],"wp:attachment":[{"href":"https:\/\/www.r2cpress.com.br\/v1\/wp-json\/wp\/v2\/media?parent=71496"}],"wp:term":[{"taxonomy":"category","embeddable":true,"href":"https:\/\/www.r2cpress.com.br\/v1\/wp-json\/wp\/v2\/categories?post=71496"},{"taxonomy":"post_tag","embeddable":true,"href":"https:\/\/www.r2cpress.com.br\/v1\/wp-json\/wp\/v2\/tags?post=71496"}],"curies":[{"name":"wp","href":"https:\/\/api.w.org\/{rel}","templated":true}]}}