{"id":71500,"date":"2013-09-08T00:12:17","date_gmt":"2013-09-08T03:12:17","guid":{"rendered":"http:\/\/www.r2cpress.com.br\/v1\/?p=71500"},"modified":"2013-09-08T00:12:17","modified_gmt":"2013-09-08T03:12:17","slug":"cidadania-requer-responsabilidade-mas-acima-de-tudo-coragem","status":"publish","type":"post","link":"https:\/\/www.r2cpress.com.br\/v1\/2013\/09\/08\/cidadania-requer-responsabilidade-mas-acima-de-tudo-coragem\/","title":{"rendered":"Cidadania requer responsabilidade&#8230; Mas acima de tudo CORAGEM !!!"},"content":{"rendered":"<p>A respeito da nota publicada no \u201cBlog do Gusm\u00e3o\u201d, no dia 06.09.2013 \u00e0s 16h04m, intitulada: <a href = \"http:\/\/www.blogdogusmao.com.br\/v1\/2013\/09\/06\/nota-de-repudio-dos-professores-de-inema-e-pimenteira-2\/\" target = \"_news\"><b>\u201cNOTA DE REP\u00daDIO DOS PROFESSORES DE INEMA E PIMENTEIRA\u201d,<\/b><\/a> cumpre-me na condi\u00e7\u00e3o de professora das escolas em pauta, atualmente exercendo cumulativamente a dire\u00e7\u00e3o dos dois centros, esclarecer que a referida publica\u00e7\u00e3o n\u00e3o representa o pensamento dos professores lotados nos liceus em quest\u00e3o, visto que quase a totalidade deles manifestaram a mim seu rep\u00fadio a infeliz iniciativa, ainda mais quando o assunto \u00e9 a \u00e9tica, a dec\u00eancia e o trabalho reconhecido desenvolvido pela Secret\u00e1ria de Educa\u00e7\u00e3o do Munic\u00edpio de Ilh\u00e9us (Ba), professora Marl\u00facia Rocha. Compreendo que parte das reivindica\u00e7\u00f5es apresentadas no texto s\u00e3o fruto de um processo democr\u00e1tico, portanto, muito natural e necess\u00e1rio, contudo, pelo bem daquilo que chamamos de liberdade respons\u00e1vel e exerc\u00edcio pleno da cidadania, devemos estabelecer sempre os limites, as fronteiras que nos colocam diante da possibilidade do cometimento de injusti\u00e7as que no caso em pauta, ofendem algu\u00e9m com servi\u00e7os prestados \u00e0 educa\u00e7\u00e3o.<\/p>\n<p>Aqui n\u00e3o pretendo exercer a defesa da professora Marl\u00facia Rocha, mesmo porque n\u00e3o disponho de qualifica\u00e7\u00e3o t\u00e9cnica para tanto, sou apenas e muito orgulhosamente mais uma professora e mesmo que a tivesse n\u00e3o fui constitu\u00edda para tal fim, contudo, faz-se imperioso e vejo como meu dever exigir que os ditos \u201can\u00f4nimos\u201d que \u201cassinam\u201d a \u201cnota\u201d respeitem os professores de Inema e Pimenteira, pessoas honradas e trabalhadoras, que lutam dia ap\u00f3s dia por uma educa\u00e7\u00e3o melhor para jovens e crian\u00e7as e dado as suas elevadas atribui\u00e7\u00f5es n\u00e3o disp\u00f5em de tempo para o levantamento de quest\u00f5es que n\u00e3o desfrutam de bases concretas, situando-se apenas, t\u00e3o somente nos assuntos que dizem respeito ao dia a dia de seu of\u00edcio, exercendo responsavelmente sempre que julgar necess\u00e1rio seu direito de manifesta\u00e7\u00e3o e assim contribuem para a consolida\u00e7\u00e3o da liberdade de express\u00e3o como direito b\u00e1sico do homem, conquista maior de um povo.<\/p>\n<p>O anonimato ofende a democracia e a magnitude de uma imprensa que conquistou seu espa\u00e7o indo aonde est\u00e1 o povo, sendo a voz dos esquecidos e o grito dos injusti\u00e7ados. Respeitemo-la, pois \u00e9 instrumento de defesa do cidad\u00e3o \u00e0 medida em que observa, forma e informa, faz acontecer ante a lentid\u00e3o e a inoper\u00e2ncia. Sejamos, pois, aut\u00eanticos, afirmemos de cabe\u00e7a erguida quem somos e o que pensamos, desprezando, pois, o manto que envolve os covardes, pois n\u00e3o precisamos de tais artif\u00edcios. A VERDADE NOS BASTA !!!<\/p>\n<p>Assim, espero que a \u201cvergonha\u201d se fa\u00e7a presente, apontemos, critiquemos, exer\u00e7amos nossos direitos e o fa\u00e7amos de \u201ccara limpa\u201d e \u201cpeito aberto\u201d, anunciemos nossas identidades e exer\u00e7amos nossa cidadania atrav\u00e9s dos meios legais dispon\u00edveis a qualquer cidad\u00e3o de bem, mas acima de qualquer coisa estejamos munidos de provas e s\u00f3 assim alcan\u00e7aremos a credibilidade e o respeito das pessoas e de n\u00f3s mesmos.<\/p>\n<p>Lamentando o epis\u00f3dio e apoiada na solidariedade de nossos profissionais, coloco democraticamente nossas escolas e seus quadros docentes \u00e0 disposi\u00e7\u00e3o para quaisquer questionamentos e \/ou d\u00favidas que possam advir. <\/p>\n<p>Paz e bem.<\/p>\n<p>Maria Am\u00e9lia de Jesus Marques Morais<br \/>\nDiretora das Escolas Nucleadas de Inema e Pimenteira<\/p>\n","protected":false},"excerpt":{"rendered":"<p>A respeito da nota publicada no \u201cBlog do Gusm\u00e3o\u201d, no dia 06.09.2013 \u00e0s 16h04m, intitulada: \u201cNOTA DE REP\u00daDIO DOS PROFESSORES DE INEMA E PIMENTEIRA\u201d, cumpre-me na condi\u00e7\u00e3o de professora das escolas em pauta, atualmente exercendo cumulativamente a dire\u00e7\u00e3o dos dois centros, esclarecer que a referida publica\u00e7\u00e3o n\u00e3o representa o pensamento dos professores lotados nos liceus [&hellip;]<\/p>\n","protected":false},"author":2,"featured_media":0,"comment_status":"open","ping_status":"open","sticky":false,"template":"","format":"standard","meta":{"_links_to":"","_links_to_target":""},"categories":[10],"tags":[],"_links":{"self":[{"href":"https:\/\/www.r2cpress.com.br\/v1\/wp-json\/wp\/v2\/posts\/71500"}],"collection":[{"href":"https:\/\/www.r2cpress.com.br\/v1\/wp-json\/wp\/v2\/posts"}],"about":[{"href":"https:\/\/www.r2cpress.com.br\/v1\/wp-json\/wp\/v2\/types\/post"}],"author":[{"embeddable":true,"href":"https:\/\/www.r2cpress.com.br\/v1\/wp-json\/wp\/v2\/users\/2"}],"replies":[{"embeddable":true,"href":"https:\/\/www.r2cpress.com.br\/v1\/wp-json\/wp\/v2\/comments?post=71500"}],"version-history":[{"count":3,"href":"https:\/\/www.r2cpress.com.br\/v1\/wp-json\/wp\/v2\/posts\/71500\/revisions"}],"predecessor-version":[{"id":71503,"href":"https:\/\/www.r2cpress.com.br\/v1\/wp-json\/wp\/v2\/posts\/71500\/revisions\/71503"}],"wp:attachment":[{"href":"https:\/\/www.r2cpress.com.br\/v1\/wp-json\/wp\/v2\/media?parent=71500"}],"wp:term":[{"taxonomy":"category","embeddable":true,"href":"https:\/\/www.r2cpress.com.br\/v1\/wp-json\/wp\/v2\/categories?post=71500"},{"taxonomy":"post_tag","embeddable":true,"href":"https:\/\/www.r2cpress.com.br\/v1\/wp-json\/wp\/v2\/tags?post=71500"}],"curies":[{"name":"wp","href":"https:\/\/api.w.org\/{rel}","templated":true}]}}