{"id":71504,"date":"2013-09-08T01:15:56","date_gmt":"2013-09-08T04:15:56","guid":{"rendered":"http:\/\/www.r2cpress.com.br\/v1\/?p=71504"},"modified":"2013-09-08T01:15:56","modified_gmt":"2013-09-08T04:15:56","slug":"maconaria-itabunense-comemora-a-independencia-do-brasil","status":"publish","type":"post","link":"https:\/\/www.r2cpress.com.br\/v1\/2013\/09\/08\/maconaria-itabunense-comemora-a-independencia-do-brasil\/","title":{"rendered":"MA\u00c7ONARIA ITABUNENSE COMEMORA A INDEPEND\u00caNCIA DO BRASIL"},"content":{"rendered":"<h1 style=\"text-align: center;\"><b>SALVE SETE DE SETEMBRO<\/b><\/h1>\n<p>As lojas Ma\u00e7\u00f4nicas, <b>28 de Julho\/GOB, Are\u00f3pago Itabunense e Ac\u00e1cia Grap\u00eduna\/GLEB<\/b>, participaram do desfile c\u00edvico da Independ\u00eancia do Brasil neste 07 de setembro, revivendo a hist\u00f3ria de liberta\u00e7\u00e3o do reino de Portugal. A Ma\u00e7onaria Iabunense desfilou com seus paramentos, estandartes e faixas, tendo \u00e0 frente seus Vener\u00e1veis, Jos\u00e9 Rebou\u00e7as, Paulo Dantas e Helder Dantas, que mesmo com as chuvas n\u00e3o mediram esfor\u00e7os em desfilar para a popula\u00e7\u00e3o confirmando que a Ma\u00e7onaria est\u00e1 atenta aos anseios da sociedade e a lutar para que as desigualdades sejam dissipadas para melhor assistir seu povo. A nossa programa\u00e7\u00e3o teve in\u00edcio as 07h00 com um caf\u00e9 matinal no sal\u00e3o de festa da Loja Are\u00f3pago Itabunense, em seguida o hasteamento da Bandeira Nacional e um breve discurso do irm\u00e3o \u00cdcaro Emanuel com uma s\u00edntese do que foi a Independ\u00eancia do Brasil. As Ordens, Demoley e Filhas de J\u00f3 participaram ativamente do evento dando a sua contribui\u00e7\u00e3o no processo evolutivo dos jovens a pensar no futuro do Brasil. Um TFA.\u2019. a todos os Ma\u00e7ons !<\/p>\n<div id=\"attachment_71505\" style=\"width: 610px\" class=\"wp-caption aligncenter\"><a href=\"http:\/\/www.r2cpress.com.br\/v1\/wp-content\/uploads\/CAPA-R2CPRESS188.jpg\"><img aria-describedby=\"caption-attachment-71505\" loading=\"lazy\" class=\"size-full wp-image-71505\" alt=\"MONT: R2CPRESS\" src=\"http:\/\/www.r2cpress.com.br\/v1\/wp-content\/uploads\/CAPA-R2CPRESS188.jpg\" width=\"600\" height=\"600\" srcset=\"https:\/\/www.r2cpress.com.br\/v1\/wp-content\/uploads\/CAPA-R2CPRESS188.jpg 600w, https:\/\/www.r2cpress.com.br\/v1\/wp-content\/uploads\/CAPA-R2CPRESS188-150x150.jpg 150w, https:\/\/www.r2cpress.com.br\/v1\/wp-content\/uploads\/CAPA-R2CPRESS188-300x300.jpg 300w\" sizes=\"(max-width: 600px) 100vw, 600px\" \/><\/a><p id=\"caption-attachment-71505\" class=\"wp-caption-text\"><strong>MONT: R2CPRESS<\/strong><\/p><\/div>\n<p><b>Ir.\u2019. Enault Freitas da Rocha Filho<\/b><\/p>\n<p><b>\u00a0MM\/CIM 179718 <\/b><\/p>\n<p><b>LOJA 28 DE JULHO N 1840 <\/b><\/p>\n<p><strong>Veja FOTOS clicando<\/strong> <a href = \"https:\/\/picasaweb.google.com\/r2cpress\/GRAVACAODODVDDENEGO_13DeAbrilDe2012FESTADRREBOUCAS060512FESTA190513EXALTACAO#5921093440291036322\" target = \"_news\"><b>AQUI<\/b><\/a> <strong>e depois na SETA para AVAN\u00c7AR.<\/strong><\/p>\n","protected":false},"excerpt":{"rendered":"<p>SALVE SETE DE SETEMBRO As lojas Ma\u00e7\u00f4nicas, 28 de Julho\/GOB, Are\u00f3pago Itabunense e Ac\u00e1cia Grap\u00eduna\/GLEB, participaram do desfile c\u00edvico da Independ\u00eancia do Brasil neste 07 de setembro, revivendo a hist\u00f3ria de liberta\u00e7\u00e3o do reino de Portugal. A Ma\u00e7onaria Iabunense desfilou com seus paramentos, estandartes e faixas, tendo \u00e0 frente seus Vener\u00e1veis, Jos\u00e9 Rebou\u00e7as, Paulo Dantas [&hellip;]<\/p>\n","protected":false},"author":2,"featured_media":0,"comment_status":"open","ping_status":"open","sticky":false,"template":"","format":"standard","meta":{"_links_to":"","_links_to_target":""},"categories":[34],"tags":[],"_links":{"self":[{"href":"https:\/\/www.r2cpress.com.br\/v1\/wp-json\/wp\/v2\/posts\/71504"}],"collection":[{"href":"https:\/\/www.r2cpress.com.br\/v1\/wp-json\/wp\/v2\/posts"}],"about":[{"href":"https:\/\/www.r2cpress.com.br\/v1\/wp-json\/wp\/v2\/types\/post"}],"author":[{"embeddable":true,"href":"https:\/\/www.r2cpress.com.br\/v1\/wp-json\/wp\/v2\/users\/2"}],"replies":[{"embeddable":true,"href":"https:\/\/www.r2cpress.com.br\/v1\/wp-json\/wp\/v2\/comments?post=71504"}],"version-history":[{"count":3,"href":"https:\/\/www.r2cpress.com.br\/v1\/wp-json\/wp\/v2\/posts\/71504\/revisions"}],"predecessor-version":[{"id":71508,"href":"https:\/\/www.r2cpress.com.br\/v1\/wp-json\/wp\/v2\/posts\/71504\/revisions\/71508"}],"wp:attachment":[{"href":"https:\/\/www.r2cpress.com.br\/v1\/wp-json\/wp\/v2\/media?parent=71504"}],"wp:term":[{"taxonomy":"category","embeddable":true,"href":"https:\/\/www.r2cpress.com.br\/v1\/wp-json\/wp\/v2\/categories?post=71504"},{"taxonomy":"post_tag","embeddable":true,"href":"https:\/\/www.r2cpress.com.br\/v1\/wp-json\/wp\/v2\/tags?post=71504"}],"curies":[{"name":"wp","href":"https:\/\/api.w.org\/{rel}","templated":true}]}}