{"id":71579,"date":"2013-09-10T08:45:39","date_gmt":"2013-09-10T11:45:39","guid":{"rendered":"http:\/\/www.r2cpress.com.br\/v1\/?p=71579"},"modified":"2013-09-10T08:45:39","modified_gmt":"2013-09-10T11:45:39","slug":"deputada-cobra-a-retomada-das-obras-da-praca-dos-esportes-e-da-cultura-em-ilheus","status":"publish","type":"post","link":"https:\/\/www.r2cpress.com.br\/v1\/2013\/09\/10\/deputada-cobra-a-retomada-das-obras-da-praca-dos-esportes-e-da-cultura-em-ilheus\/","title":{"rendered":"Deputada cobra a retomada das obras da Pra\u00e7a dos Esportes e da Cultura em Ilh\u00e9us"},"content":{"rendered":"<p><a href=\"http:\/\/www.r2cpress.com.br\/v1\/wp-content\/uploads\/angela-pra\u00e7as-esportes-etc.jpg\"><img loading=\"lazy\" src=\"http:\/\/www.r2cpress.com.br\/v1\/wp-content\/uploads\/angela-pra\u00e7as-esportes-etc.jpg\" alt=\"angela pra\u00e7as esportes etc\" width=\"300\" height=\"200\" class=\"alignleft size-full wp-image-71580\" \/><\/a>As obras de constru\u00e7\u00e3o da Pra\u00e7a dos Esportes e da Cultura do bairro Nossa Senhora da Vit\u00f3ria, em Ilh\u00e9us, est\u00e3o paralisadas desde o in\u00edcio do ano. O projeto, elaborado pelo Governo Federal, atrav\u00e9s do Minist\u00e9rio da Cultura, e que deveria contar com o apoio da Prefeitura, chegou a ser iniciado na cidade no final do ano passado, com os servi\u00e7os de terraplanagem e a previs\u00e3o era de que fosse conclu\u00eddo em 90 dias. Acontece que os servi\u00e7os foram paralisados e a obra abandonada, servindo atualmente de pasto. Agora a Pra\u00e7a dos Esportes de Ilh\u00e9us, planejado para ser um importante equipamento para levar esportes, cultura e cidadania \u00e0 comunidade, corre riscos de n\u00e3o ser conclu\u00eddo.<\/p>\n<p><!--more--><\/p>\n<p>Preocupada com a situa\u00e7\u00e3o, a deputada estadual \u00c2ngela Sousa (PSD), acompanhada do diretor da Associa\u00e7\u00e3o de Moradores do Bairro Nossa Senhora da Vit\u00f3ria, Amil Gomes, visitou o local onde ser\u00e1 constru\u00edda a Pra\u00e7a dos Esportes e da Cultura e se comprometeu a buscar apoio no sentido de identificar as eventuais pend\u00eancias e solicitar a retomada das obras, tendo em vista a import\u00e2ncia social do projeto. \u201cA Pra\u00e7a de Esportes e da Cultura ser\u00e1 um importante instrumento de inclus\u00e3o social e de transforma\u00e7\u00e3o, al\u00e9m de valorizar o bairro com as obras e melhorias que ser\u00e3o feitas no entorno da pra\u00e7a\u201d, explicou a deputada estadual \u00c2ngela Sousa.<\/p>\n<p>De acordo com o projeto inicial, a Pra\u00e7a dos Esportes e da Cultura, que ser\u00e1 implantada em frente a Funda\u00e7\u00e3o F\u00e9 e Alegria, na segunda travessa da Rua S\u00e3o Jorge, vai contar com uma quadra poliesportiva coberta, unidades do Centro de Refer\u00eancia e Assist\u00eancia Social (Cras) e Telecentro, biblioteca, cine-teatro, pista de skate, parque e \u00e1rea para leitura externa. Os servi\u00e7os incluem recursos na ordem de R$ 2 milh\u00f5es. Ainda conforme o projeto, al\u00e9m das obras da Pra\u00e7a dos Esportes e da Cultura, o bairro Nossa Senhora da Vit\u00f3ria seria contemplado com os servi\u00e7os de recupera\u00e7\u00e3o das ruas e de ilumina\u00e7\u00e3o p\u00fablica que dever\u00e3o ser realizados pela Prefeitura de Ilh\u00e9us. \u201cO problema \u00e9 que os servi\u00e7os est\u00e3o parados, o que \u00e9 um absurdo. Precisamos mover esfor\u00e7os para que essa pra\u00e7a possa de fato acontecer\u201d, complementou a deputada estadual.<\/p>\n<p>Al\u00e9m desse trabalho de incentivo ao esporte, ao lazer e a cultura, o empreendimento vai tamb\u00e9m valorizar e beneficiar os im\u00f3veis do bairro Nossa Senhora da Vit\u00f3ria. Outra a\u00e7\u00e3o importante no trabalho de mobiliza\u00e7\u00e3o comunit\u00e1ria \u00e9 o desenvolvimento do sentimento de pertencimento, onde os moradores se sentem parte importante e integrante do projeto de implanta\u00e7\u00e3o, gest\u00e3o e funcionamento dos equipamentos da pra\u00e7a. Aliado \u00e0s obras f\u00edsicas, os trabalhos incluem tamb\u00e9m o servi\u00e7o de mobiliza\u00e7\u00e3o social com a apresenta\u00e7\u00e3o dos trabalhos para a comunidade, a realiza\u00e7\u00e3o de oficinas, discuss\u00f5es entre grupos e qualifica\u00e7\u00e3o profissional. \u201cS\u00e3o a\u00e7\u00f5es importantes que devem ser incentivadas. N\u00e3o podemos perder mais esse importante equipamento por falta de compromisso do poder p\u00fablico\u201d, finalizou \u00c2ngela Sousa, se comprometendo a buscar apoio para garantir a retomada das obras.<\/p>\n","protected":false},"excerpt":{"rendered":"<p>As obras de constru\u00e7\u00e3o da Pra\u00e7a dos Esportes e da Cultura do bairro Nossa Senhora da Vit\u00f3ria, em Ilh\u00e9us, est\u00e3o paralisadas desde o in\u00edcio do ano. O projeto, elaborado pelo Governo Federal, atrav\u00e9s do Minist\u00e9rio da Cultura, e que deveria contar com o apoio da Prefeitura, chegou a ser iniciado na cidade no final do [&hellip;]<\/p>\n","protected":false},"author":2,"featured_media":0,"comment_status":"open","ping_status":"open","sticky":false,"template":"","format":"standard","meta":{"_links_to":"","_links_to_target":""},"categories":[22],"tags":[],"_links":{"self":[{"href":"https:\/\/www.r2cpress.com.br\/v1\/wp-json\/wp\/v2\/posts\/71579"}],"collection":[{"href":"https:\/\/www.r2cpress.com.br\/v1\/wp-json\/wp\/v2\/posts"}],"about":[{"href":"https:\/\/www.r2cpress.com.br\/v1\/wp-json\/wp\/v2\/types\/post"}],"author":[{"embeddable":true,"href":"https:\/\/www.r2cpress.com.br\/v1\/wp-json\/wp\/v2\/users\/2"}],"replies":[{"embeddable":true,"href":"https:\/\/www.r2cpress.com.br\/v1\/wp-json\/wp\/v2\/comments?post=71579"}],"version-history":[{"count":2,"href":"https:\/\/www.r2cpress.com.br\/v1\/wp-json\/wp\/v2\/posts\/71579\/revisions"}],"predecessor-version":[{"id":71582,"href":"https:\/\/www.r2cpress.com.br\/v1\/wp-json\/wp\/v2\/posts\/71579\/revisions\/71582"}],"wp:attachment":[{"href":"https:\/\/www.r2cpress.com.br\/v1\/wp-json\/wp\/v2\/media?parent=71579"}],"wp:term":[{"taxonomy":"category","embeddable":true,"href":"https:\/\/www.r2cpress.com.br\/v1\/wp-json\/wp\/v2\/categories?post=71579"},{"taxonomy":"post_tag","embeddable":true,"href":"https:\/\/www.r2cpress.com.br\/v1\/wp-json\/wp\/v2\/tags?post=71579"}],"curies":[{"name":"wp","href":"https:\/\/api.w.org\/{rel}","templated":true}]}}