{"id":71594,"date":"2013-09-10T10:46:19","date_gmt":"2013-09-10T13:46:19","guid":{"rendered":"http:\/\/www.r2cpress.com.br\/v1\/?p=71594"},"modified":"2013-09-10T10:46:19","modified_gmt":"2013-09-10T13:46:19","slug":"siria-aceita-proposta-russa-e-deve-entregar-armas-ao-controle-internacional","status":"publish","type":"post","link":"https:\/\/www.r2cpress.com.br\/v1\/2013\/09\/10\/siria-aceita-proposta-russa-e-deve-entregar-armas-ao-controle-internacional\/","title":{"rendered":"S\u00edria aceita proposta russa e deve entregar armas ao controle internacional"},"content":{"rendered":"<h3>Segundo ag\u00eancia de not\u00edcias, chanceler s\u00edrio quer retirar &#8216;fundamentos para agress\u00e3o americana&#8217;<\/h3>\n<p><strong>MOSCOU<\/strong> &#8211; O governo s\u00edrio aceitou uma proposta russa para colocar suas armas qu\u00edmicas sob controle internacional para evitar um poss\u00edvel ataque militar dos Estados Unidos, disse o chanceler da S\u00edria, Walid al-Moualem, nesta ter\u00e7a-feira, segundo a ag\u00eancia de not\u00edcias Interfax.<\/p>\n<p style=\"font-size: 14px;\"><strong>Veja tamb\u00e9m:<\/strong><br \/>\n<img alt=\"link\" src=\"http:\/\/render.estadao.com.br\/ext\/selos\/icone-bullet.gif\" border=\"0\" \/> <a title=\"'R\u00e1dio Estad\u00e3o': J\u00e1 existe base de acordo diplom\u00e1tico para a crise na S\u00edria\" href=\"http:\/\/radio.estadao.com.br\/audios\/audio.php?idGuidSelect=C05FB00A7A6E43FA8A85291879B266E0\"> <strong>&#8216;R\u00e1dio Estad\u00e3o&#8217;: J\u00e1 existe base de acordo diplom\u00e1tico para a crise na S\u00edria<\/strong> <\/a><br \/>\n<img alt=\"link\" src=\"http:\/\/render.estadao.com.br\/ext\/selos\/icone-bullet.gif\" border=\"0\" \/> <a title=\"Obama diz que proposta sobre S\u00edria pode ser um avan\u00e7o\" href=\"http:\/\/www.estadao.com.br\/noticias\/internacional,obama-diz-que-proposta-sobre-siria-pode-ser-um-avanco,1072949,0.htm\"> <strong>Obama diz que proposta sobre S\u00edria pode ser um avan\u00e7o<\/strong> <\/a><\/p>\n<p>&nbsp;<\/p>\n<p>&#8220;Tivemos uma frut\u00edfera rodada de negocia\u00e7\u00f5es com o ministro de Rela\u00e7\u00f5es Internacionais (russo) Sergei Lavrov ontem (segunda), e ele prop\u00f4s uma iniciativa relacionada \u00e0s armas qu\u00edmicas. E \u00e0 noite n\u00f3s concordamos com a iniciativa russa&#8221;, disse Moualem, de acordo com a Interfax.<\/p>\n<p>O chanceler disse que a S\u00edria concordou porque a iniciativa iria &#8220;retirar os fundamentos para uma agress\u00e3o norte-americana&#8221;, segundo a ag\u00eancia.<\/p>\n<p>No www.estadao.com.br<\/p>\n<p>http:\/\/www.estadao.com.br\/noticias\/internacional,siria-aceita-proposta-russa-e-deve-entregar-armas-ao-controle-internacional,1073168,0.htm<\/p>\n","protected":false},"excerpt":{"rendered":"<p>Segundo ag\u00eancia de not\u00edcias, chanceler s\u00edrio quer retirar &#8216;fundamentos para agress\u00e3o americana&#8217; MOSCOU &#8211; O governo s\u00edrio aceitou uma proposta russa para colocar suas armas qu\u00edmicas sob controle internacional para evitar um poss\u00edvel ataque militar dos Estados Unidos, disse o chanceler da S\u00edria, Walid al-Moualem, nesta ter\u00e7a-feira, segundo a ag\u00eancia de not\u00edcias Interfax. Veja tamb\u00e9m: [&hellip;]<\/p>\n","protected":false},"author":2,"featured_media":0,"comment_status":"open","ping_status":"open","sticky":false,"template":"","format":"standard","meta":{"_links_to":"","_links_to_target":""},"categories":[13],"tags":[],"_links":{"self":[{"href":"https:\/\/www.r2cpress.com.br\/v1\/wp-json\/wp\/v2\/posts\/71594"}],"collection":[{"href":"https:\/\/www.r2cpress.com.br\/v1\/wp-json\/wp\/v2\/posts"}],"about":[{"href":"https:\/\/www.r2cpress.com.br\/v1\/wp-json\/wp\/v2\/types\/post"}],"author":[{"embeddable":true,"href":"https:\/\/www.r2cpress.com.br\/v1\/wp-json\/wp\/v2\/users\/2"}],"replies":[{"embeddable":true,"href":"https:\/\/www.r2cpress.com.br\/v1\/wp-json\/wp\/v2\/comments?post=71594"}],"version-history":[{"count":3,"href":"https:\/\/www.r2cpress.com.br\/v1\/wp-json\/wp\/v2\/posts\/71594\/revisions"}],"predecessor-version":[{"id":71597,"href":"https:\/\/www.r2cpress.com.br\/v1\/wp-json\/wp\/v2\/posts\/71594\/revisions\/71597"}],"wp:attachment":[{"href":"https:\/\/www.r2cpress.com.br\/v1\/wp-json\/wp\/v2\/media?parent=71594"}],"wp:term":[{"taxonomy":"category","embeddable":true,"href":"https:\/\/www.r2cpress.com.br\/v1\/wp-json\/wp\/v2\/categories?post=71594"},{"taxonomy":"post_tag","embeddable":true,"href":"https:\/\/www.r2cpress.com.br\/v1\/wp-json\/wp\/v2\/tags?post=71594"}],"curies":[{"name":"wp","href":"https:\/\/api.w.org\/{rel}","templated":true}]}}