{"id":71601,"date":"2013-09-10T12:39:55","date_gmt":"2013-09-10T15:39:55","guid":{"rendered":"http:\/\/www.r2cpress.com.br\/v1\/?p=71601"},"modified":"2013-09-10T12:39:55","modified_gmt":"2013-09-10T15:39:55","slug":"academia-de-letras-de-ilheus-2","status":"publish","type":"post","link":"https:\/\/www.r2cpress.com.br\/v1\/2013\/09\/10\/academia-de-letras-de-ilheus-2\/","title":{"rendered":"ACADEMIA DE LETRAS DE ILH\u00c9US"},"content":{"rendered":"<div>\u00a0<a href=\"http:\/\/www.r2cpress.com.br\/v1\/wp-content\/uploads\/Aleilton-ALI.jpg\"><img loading=\"lazy\" class=\"alignright size-full wp-image-71602\" alt=\"Aleilton ALI\" src=\"http:\/\/www.r2cpress.com.br\/v1\/wp-content\/uploads\/Aleilton-ALI.jpg\" width=\"200\" height=\"316\" srcset=\"https:\/\/www.r2cpress.com.br\/v1\/wp-content\/uploads\/Aleilton-ALI.jpg 200w, https:\/\/www.r2cpress.com.br\/v1\/wp-content\/uploads\/Aleilton-ALI-189x300.jpg 189w\" sizes=\"(max-width: 200px) 100vw, 200px\" \/><\/a>Aleilton Fonseca (natural de Firmino Rocha e criado em Ilh\u00e9us), membro da Academia de Letras da Bahia e Professor do curso de Letras da Universidade Estadual de Feira de Santana estar\u00e1 na Academia de Letras de Ilh\u00e9us lan\u00e7ando novo livro e fazendo palestra de tema pouco comum, por isso mesmo imperd\u00edvel: a poesia. \u201cAleilton \u00e9 um estudioso de muita capacidade e um orador competente. O evento tem tudo para agradar,\u201d salienta o editor Gustavo Felic\u00edssimo.<\/div>\n<div><\/div>\n<div>A palestra e o lan\u00e7amento do livro fazem parte do Projeto Primavera Cultural \u2013 \u201cA Primavera das Letras.\u201d O tema da palestra: \u201cA poesia das \u00c1guas: Viv\u00eancias e Encantamentos\u201d \u00e9 uma reflex\u00e3o sobre poemas de \u00e1guas, rios, mares, chuva, mostrando as imagens l\u00edricas que registram viv\u00eancias e encantamentos dos poetas. O livro de contos \u201cAs Marcas da Cidade\u201d s\u00e3o sete contos sobre situa\u00e7\u00f5es e experi\u00eancias vividas por personagens populares, na cidade de Salvador.<\/div>\n<div><\/div>\n<div>Aleilton Fonseca \u00e9 o segundo palestrante do Projeto Primavera Cultural, criado com o objetivo de aproximar cada vez mais a Academia da comunidade e da classe estudantil. \u201cO espa\u00e7o acad\u00eamico \u00e9 din\u00e2mico e criativo, quanto mais estivermos juntos, mais cultuaremos as letras,\u201d assinala do presidente da ALI Josevandro Nascimento.<\/div>\n<div><\/div>\n<div><b><i>Confira:<\/i><\/b><\/div>\n<div><b><i>\u00a0<\/i><\/b><\/div>\n<div><b><i>Quando:<\/i><\/b><i> Dia 11 de setembro de 2013, quarta-feira<\/i><\/div>\n<div><b><i>Onde:<\/i><\/b><i> Academia de Letras de Ilh\u00e9us<\/i><\/div>\n<div><b><i>Hor\u00e1rio:<\/i><\/b><i> 18 horas<\/i><\/div>\n<div><b><i>Entrada Gratuita<\/i><\/b><i> sujeita a lota\u00e7\u00e3o do espa\u00e7o.<\/i><\/div>\n","protected":false},"excerpt":{"rendered":"<p>\u00a0Aleilton Fonseca (natural de Firmino Rocha e criado em Ilh\u00e9us), membro da Academia de Letras da Bahia e Professor do curso de Letras da Universidade Estadual de Feira de Santana estar\u00e1 na Academia de Letras de Ilh\u00e9us lan\u00e7ando novo livro e fazendo palestra de tema pouco comum, por isso mesmo imperd\u00edvel: a poesia. \u201cAleilton \u00e9 [&hellip;]<\/p>\n","protected":false},"author":2,"featured_media":0,"comment_status":"open","ping_status":"open","sticky":false,"template":"","format":"standard","meta":{"_links_to":"","_links_to_target":""},"categories":[5],"tags":[],"_links":{"self":[{"href":"https:\/\/www.r2cpress.com.br\/v1\/wp-json\/wp\/v2\/posts\/71601"}],"collection":[{"href":"https:\/\/www.r2cpress.com.br\/v1\/wp-json\/wp\/v2\/posts"}],"about":[{"href":"https:\/\/www.r2cpress.com.br\/v1\/wp-json\/wp\/v2\/types\/post"}],"author":[{"embeddable":true,"href":"https:\/\/www.r2cpress.com.br\/v1\/wp-json\/wp\/v2\/users\/2"}],"replies":[{"embeddable":true,"href":"https:\/\/www.r2cpress.com.br\/v1\/wp-json\/wp\/v2\/comments?post=71601"}],"version-history":[{"count":3,"href":"https:\/\/www.r2cpress.com.br\/v1\/wp-json\/wp\/v2\/posts\/71601\/revisions"}],"predecessor-version":[{"id":71605,"href":"https:\/\/www.r2cpress.com.br\/v1\/wp-json\/wp\/v2\/posts\/71601\/revisions\/71605"}],"wp:attachment":[{"href":"https:\/\/www.r2cpress.com.br\/v1\/wp-json\/wp\/v2\/media?parent=71601"}],"wp:term":[{"taxonomy":"category","embeddable":true,"href":"https:\/\/www.r2cpress.com.br\/v1\/wp-json\/wp\/v2\/categories?post=71601"},{"taxonomy":"post_tag","embeddable":true,"href":"https:\/\/www.r2cpress.com.br\/v1\/wp-json\/wp\/v2\/tags?post=71601"}],"curies":[{"name":"wp","href":"https:\/\/api.w.org\/{rel}","templated":true}]}}