{"id":71625,"date":"2013-09-10T14:03:31","date_gmt":"2013-09-10T17:03:31","guid":{"rendered":"http:\/\/www.r2cpress.com.br\/v1\/?p=71625"},"modified":"2013-09-10T14:03:31","modified_gmt":"2013-09-10T17:03:31","slug":"prefeitura-de-ilheus-faz-chamamento-para-contratacao-de-prestadores-de-servicos-de-saude","status":"publish","type":"post","link":"https:\/\/www.r2cpress.com.br\/v1\/2013\/09\/10\/prefeitura-de-ilheus-faz-chamamento-para-contratacao-de-prestadores-de-servicos-de-saude\/","title":{"rendered":"Prefeitura de Ilh\u00e9us faz chamamento para contrata\u00e7\u00e3o de prestadores de servi\u00e7os de sa\u00fade"},"content":{"rendered":"<p><em><strong>O Edital de Chamamento P\u00fablico convoca prestadores de servi\u00e7o de sa\u00fade da rede privada para procedimento de m\u00e9dia e alta complexidade ambulatorial e hospitalar.<\/strong><\/em><\/p>\n<p>A Prefeitura de Ilh\u00e9us, atrav\u00e9s da Secretaria Municipal de Sa\u00fade (Sesau), abriu edital de chamamento p\u00fablico para contrata\u00e7\u00e3o de servi\u00e7os de sa\u00fade complementar da rede privada, de m\u00e9dia e alta complexidade ambulatorial e hospitalar.  Segundo informa\u00e7\u00f5es de Fernanda Ludgero, chefe do setor de M\u00e9dia e Alta Complexidade, os servi\u00e7os contratados ter\u00e3o como base os pre\u00e7os fixados pela tabela do Sistema \u00danico de Sa\u00fade (SUS).<\/p>\n<p>Para efeito de contra\u00e7\u00e3o, todos os prestadores de servi\u00e7os interessados dever\u00e3o estar cadastrados no Sistema de Cadastro Nacional dos Estabelecimentos de Sa\u00fade (SCNES\/MS). Est\u00e3o nessa categoria os servi\u00e7os ambulatoriais, de laborat\u00f3rios e hospitalares, com prazo de execu\u00e7\u00e3o de hum ano.<\/p>\n<p>Os interessados devem entregar a documenta\u00e7\u00e3o necess\u00e1ria no edital de Chamamento P\u00fablico 001\/2013, na pr\u00f3pria Secretaria Municipal de Sa\u00fade. Dentre as certid\u00f5es exigidas constam a de regularidade fiscal com as fazendas p\u00fablicas municipal, estadual e federal, al\u00e9m do certificado de regularidade relativo \u00e0 Seguridade Social (INSS) e ao Fundo de Garantia por Tempo de Servi\u00e7o (FGTS).<\/p>\n<p>A \u00edntegra do Edital do Chamamento P\u00fablico 001\/2013 encontra-se a disposi\u00e7\u00e3o no seguinte endere\u00e7o eletr\u00f4nico http:\/\/www.ioe.org.br\/prefeitura\/ilheus\/listagem.cfm?frompage=1&#038;StartRow=41&#038;pagina=listagem_dop<\/p>\n<p>&#8212;<br \/>\nSecretaria de Comunica\u00e7\u00e3o Social (Secom)<br \/>\nIlh\u00e9us \u2013 10.09.2013<\/p>\n","protected":false},"excerpt":{"rendered":"<p>O Edital de Chamamento P\u00fablico convoca prestadores de servi\u00e7o de sa\u00fade da rede privada para procedimento de m\u00e9dia e alta complexidade ambulatorial e hospitalar. A Prefeitura de Ilh\u00e9us, atrav\u00e9s da Secretaria Municipal de Sa\u00fade (Sesau), abriu edital de chamamento p\u00fablico para contrata\u00e7\u00e3o de servi\u00e7os de sa\u00fade complementar da rede privada, de m\u00e9dia e alta complexidade [&hellip;]<\/p>\n","protected":false},"author":2,"featured_media":0,"comment_status":"open","ping_status":"open","sticky":false,"template":"","format":"standard","meta":{"_links_to":"","_links_to_target":""},"categories":[1],"tags":[],"_links":{"self":[{"href":"https:\/\/www.r2cpress.com.br\/v1\/wp-json\/wp\/v2\/posts\/71625"}],"collection":[{"href":"https:\/\/www.r2cpress.com.br\/v1\/wp-json\/wp\/v2\/posts"}],"about":[{"href":"https:\/\/www.r2cpress.com.br\/v1\/wp-json\/wp\/v2\/types\/post"}],"author":[{"embeddable":true,"href":"https:\/\/www.r2cpress.com.br\/v1\/wp-json\/wp\/v2\/users\/2"}],"replies":[{"embeddable":true,"href":"https:\/\/www.r2cpress.com.br\/v1\/wp-json\/wp\/v2\/comments?post=71625"}],"version-history":[{"count":3,"href":"https:\/\/www.r2cpress.com.br\/v1\/wp-json\/wp\/v2\/posts\/71625\/revisions"}],"predecessor-version":[{"id":71628,"href":"https:\/\/www.r2cpress.com.br\/v1\/wp-json\/wp\/v2\/posts\/71625\/revisions\/71628"}],"wp:attachment":[{"href":"https:\/\/www.r2cpress.com.br\/v1\/wp-json\/wp\/v2\/media?parent=71625"}],"wp:term":[{"taxonomy":"category","embeddable":true,"href":"https:\/\/www.r2cpress.com.br\/v1\/wp-json\/wp\/v2\/categories?post=71625"},{"taxonomy":"post_tag","embeddable":true,"href":"https:\/\/www.r2cpress.com.br\/v1\/wp-json\/wp\/v2\/tags?post=71625"}],"curies":[{"name":"wp","href":"https:\/\/api.w.org\/{rel}","templated":true}]}}