{"id":71629,"date":"2013-09-10T14:06:35","date_gmt":"2013-09-10T17:06:35","guid":{"rendered":"http:\/\/www.r2cpress.com.br\/v1\/?p=71629"},"modified":"2013-09-10T14:06:35","modified_gmt":"2013-09-10T17:06:35","slug":"aposentados-querem-apoio-do-lider-do-pt-para-pec-que-acaba-com-contribuicao-previdenciaria","status":"publish","type":"post","link":"https:\/\/www.r2cpress.com.br\/v1\/2013\/09\/10\/aposentados-querem-apoio-do-lider-do-pt-para-pec-que-acaba-com-contribuicao-previdenciaria\/","title":{"rendered":"Aposentados querem apoio do l\u00edder do PT para PEC que acaba com contribui\u00e7\u00e3o previdenci\u00e1ria"},"content":{"rendered":"<div id=\"tituloNoticia\">\n<h2>Antonio Augusto \/ C\u00e2mara dos Deputados<\/h2>\n<\/div>\n<div id=\"conteudoNoticia\">\n<div id=\"fotoNoticia\">\n<div><img loading=\"lazy\" alt=\"Encontro de Aposentados do Servi\u00e7o P\u00fablico Federal em apoio \u00e0 PEC 555\/06, que acaba com a contribui\u00e7\u00e3o previdenci\u00e1ria dos aposentados\" src=\"http:\/\/www.camara.gov.br\/internet\/bancoimagem\/banco\/img201309101134134165355MED.jpg\" width=\"596\" height=\"391\" border=\"0\" \/><\/div>\n<div><em><strong>Os manifestantes acreditam na aprova\u00e7\u00e3o da proposta pelo Plen\u00e1rio.<\/strong><\/em><\/div>\n<\/div>\n<p>Aposentados e pensionistas do servi\u00e7o p\u00fablico lotaram um dos audit\u00f3rios da C\u00e2mara nesta ter\u00e7a-feira pedindo a vota\u00e7\u00e3o da Proposta de Emenda \u00e0 Constitui\u00e7\u00e3o (PEC<a href=\"http:\/\/www2.camara.gov.br\/camaranoticias\/noticias\/TRABALHO-E-PREVIDENCIA\/149728-COMISSAO-APROVA-FIM-DE-CONTRIBUICAO-DE-SERVIDOR-INATIVO-AOS-65-ANOS.html\" target=\"_blank\"> 555\/06<\/a>) que acaba com a contribui\u00e7\u00e3o previdenci\u00e1ria dos servidores p\u00fablicos inativos. Ela zera a contribui\u00e7\u00e3o de 11% dos vencimentos &#8211; criada em 2003 &#8211; a partir dos 65 anos de idade do aposentado. A extin\u00e7\u00e3o seria gradual, a partir dos 60 anos.<\/p>\n<p>De acordo com o presidente do Movimento dos Servidores Aposentados e Pensionistas do Servi\u00e7o P\u00fablico, Edison Haubert, todos os l\u00edderes de partidos assinaram o documento apoiando a vota\u00e7\u00e3o imediata da proposta, menos o deputado Jos\u00e9 Guimar\u00e3es, l\u00edder do PT. &#8220;N\u00f3s estamos insistindo e esse movimento hoje \u00e9 exatamente para buscar o apoio dele para que a proposta possa tramitar legislativamente. Temos convic\u00e7\u00e3o de que, uma vez tramitando, n\u00f3s venceremos no Plen\u00e1rio. Mas o l\u00edder diz que ainda n\u00e3o tem as condi\u00e7\u00f5es, n\u00e3o tem a concord\u00e2ncia do governo&#8221;, disse.<\/p>\n<p>Segundo Haubert, dos 513 deputados, 339 apresentaram requerimentos para a inclus\u00e3o da proposta na lista de vota\u00e7\u00f5es do Plen\u00e1rio.<\/p>\n<p><a href=\"http:\/\/www2.camara.leg.br\/camaranoticias\/noticias\/ADMINISTRACAO-PUBLICA\/438191-MANIFESTACAO-DE-APOSENTADOS-PEDE-APROVACAO-DA-PEC-QUE-ACABA-COM-CONTRIBUICAO-PREVIDENCIARIA.html\" target=\"_blank\">Em mar\u00e7o deste ano<\/a>, centenas de aposentados estiveram na C\u00e2mara para pressionar os parlamentares pela aprova\u00e7\u00e3o da PEC.<\/p>\n<p>O deputado Arnaldo Faria de S\u00e1 (PTB-SP), que foi relator da proposta na comiss\u00e3o especial, disse que as receitas da Seguridade Social superam as despesas em R$ 78 bilh\u00f5es, de acordo com dados de 2012: &#8220;Se voc\u00ea tirar os assistenciais e os rurais, esse saldo seria de R$ 178 bilh\u00f5es. Tem R$ 100 bilh\u00f5es aqui de benef\u00edcios que o governo teria que bancar, e n\u00e3o a Previd\u00eancia&#8221;.<\/p>\n<p>O deputado disse que a m\u00eddia n\u00e3o \u00e9 favor\u00e1vel aos aposentados porque \u00e9 patrocinada pelos bancos, que querem vender planos de previd\u00eancia complementar.<\/p>\n<p>N\u00e3o foi poss\u00edvel entrar em contato com o deputado Jos\u00e9 Guimar\u00e3es at\u00e9 a conclus\u00e3o desta reportagem.<\/p>\n<\/div>\n<div>\n<div id=\"proposicao\">\n<h4>\u00cdntegra da proposta:<\/h4>\n<ul>\n<li><a href=\"http:\/\/www.camara.gov.br\/internet\/sileg\/Prop_Detalhe.asp?id=328385\">PEC-555\/2006<\/a><\/li>\n<\/ul>\n<\/div>\n<div id=\"creditosMateria\">Reportagem &#8211; S\u00edlvia Mugnatto<br \/>\nEdi\u00e7\u00e3o &#8211; Patricia Roedel<\/p>\n<div>\nA reprodu\u00e7\u00e3o das not\u00edcias \u00e9 autorizada desde que contenha a assinatura &#8216;<a title=\"Ag\u00eancia C\u00e2mara de Not\u00edticas\" href=\"http:\/\/www2.camara.leg.br\/camaranoticias\">Ag\u00eancia C\u00e2mara Not\u00edcias<\/a>&#8216;<\/p>\n<\/div>\n<\/div>\n<\/div>\n<div><\/div>\n","protected":false},"excerpt":{"rendered":"<p>Antonio Augusto \/ C\u00e2mara dos Deputados Os manifestantes acreditam na aprova\u00e7\u00e3o da proposta pelo Plen\u00e1rio. Aposentados e pensionistas do servi\u00e7o p\u00fablico lotaram um dos audit\u00f3rios da C\u00e2mara nesta ter\u00e7a-feira pedindo a vota\u00e7\u00e3o da Proposta de Emenda \u00e0 Constitui\u00e7\u00e3o (PEC 555\/06) que acaba com a contribui\u00e7\u00e3o previdenci\u00e1ria dos servidores p\u00fablicos inativos. Ela zera a contribui\u00e7\u00e3o de [&hellip;]<\/p>\n","protected":false},"author":2,"featured_media":0,"comment_status":"open","ping_status":"open","sticky":false,"template":"","format":"standard","meta":{"_links_to":"","_links_to_target":""},"categories":[18],"tags":[],"_links":{"self":[{"href":"https:\/\/www.r2cpress.com.br\/v1\/wp-json\/wp\/v2\/posts\/71629"}],"collection":[{"href":"https:\/\/www.r2cpress.com.br\/v1\/wp-json\/wp\/v2\/posts"}],"about":[{"href":"https:\/\/www.r2cpress.com.br\/v1\/wp-json\/wp\/v2\/types\/post"}],"author":[{"embeddable":true,"href":"https:\/\/www.r2cpress.com.br\/v1\/wp-json\/wp\/v2\/users\/2"}],"replies":[{"embeddable":true,"href":"https:\/\/www.r2cpress.com.br\/v1\/wp-json\/wp\/v2\/comments?post=71629"}],"version-history":[{"count":3,"href":"https:\/\/www.r2cpress.com.br\/v1\/wp-json\/wp\/v2\/posts\/71629\/revisions"}],"predecessor-version":[{"id":71632,"href":"https:\/\/www.r2cpress.com.br\/v1\/wp-json\/wp\/v2\/posts\/71629\/revisions\/71632"}],"wp:attachment":[{"href":"https:\/\/www.r2cpress.com.br\/v1\/wp-json\/wp\/v2\/media?parent=71629"}],"wp:term":[{"taxonomy":"category","embeddable":true,"href":"https:\/\/www.r2cpress.com.br\/v1\/wp-json\/wp\/v2\/categories?post=71629"},{"taxonomy":"post_tag","embeddable":true,"href":"https:\/\/www.r2cpress.com.br\/v1\/wp-json\/wp\/v2\/tags?post=71629"}],"curies":[{"name":"wp","href":"https:\/\/api.w.org\/{rel}","templated":true}]}}