{"id":71644,"date":"2013-09-10T14:58:10","date_gmt":"2013-09-10T17:58:10","guid":{"rendered":"http:\/\/www.r2cpress.com.br\/v1\/?p=71644"},"modified":"2013-09-10T14:58:10","modified_gmt":"2013-09-10T17:58:10","slug":"associacao-nacional-de-taxistas-comemora-aprovacao-da-licenca-hereditaria-pela-camara","status":"publish","type":"post","link":"https:\/\/www.r2cpress.com.br\/v1\/2013\/09\/10\/associacao-nacional-de-taxistas-comemora-aprovacao-da-licenca-hereditaria-pela-camara\/","title":{"rendered":"Associa\u00e7\u00e3o nacional de taxistas comemora aprova\u00e7\u00e3o da \u201clicen\u00e7a heredit\u00e1ria\u201d, pela C\u00e2mara"},"content":{"rendered":"<p>A C\u00e2mara aprovou a permiss\u00e3o para que os taxistas repassem a explora\u00e7\u00e3o do servi\u00e7o de t\u00e1xi a parentes em casos de morte \u2013 apelidada de \u201clicen\u00e7a heredit\u00e1ria\u201d. A not\u00edcia foi recebida com al\u00edvio pelo presidente da Associa\u00e7\u00e3o Nacional das Cooperativas de T\u00e1xis, Edmilson Sarlo. \u201cO repasse j\u00e1 \u00e9 um direito exercido pelos taxistas em todo o pa\u00eds h\u00e1 mais de 40 anos. Seria injusto se tirassem esse direito deles\u201d, defende o presidente.<\/p>\n<p>Ele explica que n\u00e3o se trata de uma licita\u00e7\u00e3o de servi\u00e7o p\u00fablico, como muitos cr\u00eaem, mas de uma autoriza\u00e7\u00e3o de servi\u00e7o de interesse p\u00fablico. \u201cAssim como \u00e9 dada licen\u00e7a para o funcionamento de uma barraca de feira ou para uma banca de jornal\u201d, exemplifica. \u201cO taxista cria uma clientela, como em qualquer outro neg\u00f3cio. Na sua falta, o mais justo \u00e9 que o servi\u00e7o continue a ser tocado por algum parente (c\u00f4njuge, filhos ou irm\u00e3os), que em muitos casos depende desse trabalho para sustentar a fam\u00edlia\u201d.<\/p>\n<p>O presidente da associa\u00e7\u00e3o acredita tamb\u00e9m que algumas cr\u00edticas \u00e0 decis\u00e3o servem apenas \u201cpara atender aos interesses de alguns grupos poderosos\u201d que est\u00e3o dispostos a investir no servi\u00e7o de t\u00e1xis. \u201cSabe-se que esses interesses est\u00e3o presentes em cidades como Rio de Janeiro e Belo Horizonte\u201d, alerta Sarlo. O texto agora segue para an\u00e1lise do Senado e precisa ser votado at\u00e9 o dia 16, quando perde a validade.<\/p>\n<p>A Associa\u00e7\u00e3o Nacional das Cooperativas de T\u00e1xis representa motoristas de t\u00e1xis de diversas cidades do pa\u00eds, como Salvador, Belo Horizonte, Rio de Janeiro, Curitiba, Porto Alegre, Bras\u00edlia, S\u00e3o Paulo, Guarulhos e Tabo\u00e3o da Serra, entre outras. <\/p>\n<p>&#8212;<br \/>\nEx-Libris Comunica\u00e7\u00e3o Integrada<\/p>\n","protected":false},"excerpt":{"rendered":"<p>A C\u00e2mara aprovou a permiss\u00e3o para que os taxistas repassem a explora\u00e7\u00e3o do servi\u00e7o de t\u00e1xi a parentes em casos de morte \u2013 apelidada de \u201clicen\u00e7a heredit\u00e1ria\u201d. A not\u00edcia foi recebida com al\u00edvio pelo presidente da Associa\u00e7\u00e3o Nacional das Cooperativas de T\u00e1xis, Edmilson Sarlo. \u201cO repasse j\u00e1 \u00e9 um direito exercido pelos taxistas em todo [&hellip;]<\/p>\n","protected":false},"author":2,"featured_media":0,"comment_status":"open","ping_status":"open","sticky":false,"template":"","format":"standard","meta":{"_links_to":"","_links_to_target":""},"categories":[13],"tags":[],"_links":{"self":[{"href":"https:\/\/www.r2cpress.com.br\/v1\/wp-json\/wp\/v2\/posts\/71644"}],"collection":[{"href":"https:\/\/www.r2cpress.com.br\/v1\/wp-json\/wp\/v2\/posts"}],"about":[{"href":"https:\/\/www.r2cpress.com.br\/v1\/wp-json\/wp\/v2\/types\/post"}],"author":[{"embeddable":true,"href":"https:\/\/www.r2cpress.com.br\/v1\/wp-json\/wp\/v2\/users\/2"}],"replies":[{"embeddable":true,"href":"https:\/\/www.r2cpress.com.br\/v1\/wp-json\/wp\/v2\/comments?post=71644"}],"version-history":[{"count":2,"href":"https:\/\/www.r2cpress.com.br\/v1\/wp-json\/wp\/v2\/posts\/71644\/revisions"}],"predecessor-version":[{"id":71646,"href":"https:\/\/www.r2cpress.com.br\/v1\/wp-json\/wp\/v2\/posts\/71644\/revisions\/71646"}],"wp:attachment":[{"href":"https:\/\/www.r2cpress.com.br\/v1\/wp-json\/wp\/v2\/media?parent=71644"}],"wp:term":[{"taxonomy":"category","embeddable":true,"href":"https:\/\/www.r2cpress.com.br\/v1\/wp-json\/wp\/v2\/categories?post=71644"},{"taxonomy":"post_tag","embeddable":true,"href":"https:\/\/www.r2cpress.com.br\/v1\/wp-json\/wp\/v2\/tags?post=71644"}],"curies":[{"name":"wp","href":"https:\/\/api.w.org\/{rel}","templated":true}]}}