{"id":7166,"date":"2011-01-21T22:17:11","date_gmt":"2011-01-22T01:17:11","guid":{"rendered":"http:\/\/www.r2cpress.com.br\/v1\/?p=7166"},"modified":"2011-01-21T22:17:11","modified_gmt":"2011-01-22T01:17:11","slug":"projeto-educativo-amo-meu-bairro-preservo","status":"publish","type":"post","link":"https:\/\/www.r2cpress.com.br\/v1\/2011\/01\/21\/projeto-educativo-amo-meu-bairro-preservo\/","title":{"rendered":"Projeto Educativo AMO MEU BAIRRO PRESERVO!"},"content":{"rendered":"<p>Na \u00faltima segunda-feira (17) na sede da Associa\u00e7\u00e3o de Moradores do Bairro Hernani S\u00e1 (Urbis) aconteceu o lan\u00e7amento do Projeto Educativo AMO MEU BAIRRO PRESERVO. O projeto tem como objetivo a conscientiza\u00e7\u00e3o dos moradores sobre a import\u00e2ncia de manter o bairro limpo e preservado.<\/p>\n<p>O presidente da associa\u00e7\u00e3o de moradores do Hernani S\u00e1 Odailson Aranha, fez o discurso de lan\u00e7amento do Projeto, enfatizando a import\u00e2ncia da conscientiza\u00e7\u00e3o dos moradores. Em seguida, o vice presidente Adilson Concei\u00e7\u00e3o falou sobre o projeto, incentivando a todos a participarem efetivamente das a\u00e7\u00f5es do projeto.<\/p>\n<p>O lan\u00e7amento do projeto, contou com as presen\u00e7as: do vice prefeito de Ilh\u00e9us Dr. Mario Alexandre, do presidente da c\u00e2mara de vereadores Dinho G\u00e1s, do vereador Tarcisio, do secretario de Assist\u00eancia Social Emerson Silva, do propriet\u00e1rio da empresa Pilar Entulho Sr. Baltazar, moradores e comerciantes.<\/p>\n<p><center><a href=\"http:\/\/www.r2cpress.com.br\/v1\/wp-content\/uploads\/projeto-02.jpg\"><img loading=\"lazy\" src=\"http:\/\/www.r2cpress.com.br\/v1\/wp-content\/uploads\/projeto-02-300x300.jpg\" alt=\"\" title=\"projeto 02\" width=\"300\" height=\"300\" class=\"alignnone size-medium wp-image-7167\" srcset=\"https:\/\/www.r2cpress.com.br\/v1\/wp-content\/uploads\/projeto-02-300x300.jpg 300w, https:\/\/www.r2cpress.com.br\/v1\/wp-content\/uploads\/projeto-02-150x150.jpg 150w, https:\/\/www.r2cpress.com.br\/v1\/wp-content\/uploads\/projeto-02.jpg 505w\" sizes=\"(max-width: 300px) 100vw, 300px\" \/><\/a><\/center><\/p>\n<p>&#8212;<br \/>\nJorge Reis<\/p>\n","protected":false},"excerpt":{"rendered":"<p>Na \u00faltima segunda-feira (17) na sede da Associa\u00e7\u00e3o de Moradores do Bairro Hernani S\u00e1 (Urbis) aconteceu o lan\u00e7amento do Projeto Educativo AMO MEU BAIRRO PRESERVO. O projeto tem como objetivo a conscientiza\u00e7\u00e3o dos moradores sobre a import\u00e2ncia de manter o bairro limpo e preservado. O presidente da associa\u00e7\u00e3o de moradores do Hernani S\u00e1 Odailson Aranha, [&hellip;]<\/p>\n","protected":false},"author":2,"featured_media":0,"comment_status":"open","ping_status":"open","sticky":false,"template":"","format":"standard","meta":{"_links_to":"","_links_to_target":""},"categories":[10],"tags":[],"_links":{"self":[{"href":"https:\/\/www.r2cpress.com.br\/v1\/wp-json\/wp\/v2\/posts\/7166"}],"collection":[{"href":"https:\/\/www.r2cpress.com.br\/v1\/wp-json\/wp\/v2\/posts"}],"about":[{"href":"https:\/\/www.r2cpress.com.br\/v1\/wp-json\/wp\/v2\/types\/post"}],"author":[{"embeddable":true,"href":"https:\/\/www.r2cpress.com.br\/v1\/wp-json\/wp\/v2\/users\/2"}],"replies":[{"embeddable":true,"href":"https:\/\/www.r2cpress.com.br\/v1\/wp-json\/wp\/v2\/comments?post=7166"}],"version-history":[{"count":2,"href":"https:\/\/www.r2cpress.com.br\/v1\/wp-json\/wp\/v2\/posts\/7166\/revisions"}],"predecessor-version":[{"id":7169,"href":"https:\/\/www.r2cpress.com.br\/v1\/wp-json\/wp\/v2\/posts\/7166\/revisions\/7169"}],"wp:attachment":[{"href":"https:\/\/www.r2cpress.com.br\/v1\/wp-json\/wp\/v2\/media?parent=7166"}],"wp:term":[{"taxonomy":"category","embeddable":true,"href":"https:\/\/www.r2cpress.com.br\/v1\/wp-json\/wp\/v2\/categories?post=7166"},{"taxonomy":"post_tag","embeddable":true,"href":"https:\/\/www.r2cpress.com.br\/v1\/wp-json\/wp\/v2\/tags?post=7166"}],"curies":[{"name":"wp","href":"https:\/\/api.w.org\/{rel}","templated":true}]}}