{"id":71660,"date":"2013-09-10T18:49:38","date_gmt":"2013-09-10T21:49:38","guid":{"rendered":"http:\/\/www.r2cpress.com.br\/v1\/?p=71660"},"modified":"2013-09-10T18:49:38","modified_gmt":"2013-09-10T21:49:38","slug":"a-situacao-ta-feia","status":"publish","type":"post","link":"https:\/\/www.r2cpress.com.br\/v1\/2013\/09\/10\/a-situacao-ta-feia\/","title":{"rendered":"A SITUA\u00c7\u00c3O T\u00c1 FEIA"},"content":{"rendered":"<p><img loading=\"lazy\" class=\"alignright\" alt=\"\" src=\"http:\/\/www.r2cpress.com.br\/v1\/wp-content\/uploads\/zecarlos-r2cpress_reduzida.jpg\" width=\"300\" height=\"207\" \/>Com certeza que o nosso alcaide n\u00e3o esperava por isso, calejado que \u00e9 nos embates pol\u00edticos.<\/p>\n<p>No meio dessa crise sem limites, quando o gestor p\u00fablico em seu primeiro ano de mandato n\u00e3o disse pra que veio, o que est\u00e1 causando preocupa\u00e7\u00e3o \u00e9 que a auto-estima do ilheense est\u00e1 escorrendo pelo ralo.<\/p>\n<p>Nos pontos de transporte coletivo, cheios durante a maior parte do dia, as pessoas sequer se incomodam com o LIXO, ali ficam sentados ou em p\u00e9 esperando o buzu, recebendo chuva, sol, poeira e n\u00e3o esbo\u00e7am nenhuma rea\u00e7\u00e3o, sequer um coment\u00e1rio, permanece como um carneiro caminhando para o abate.<\/p>\n<p>N\u00e3o sei como a situa\u00e7\u00e3o est\u00e1 sendo avaliada pelas institui\u00e7\u00f5es p\u00fablicas (ma\u00e7onarias, Rotary, Lions, CDL, ACI, Atir, OAB).<\/p>\n<p>\u00c9 normal que no meio de tanta bagun\u00e7a exista a <b>turma da coura\u00e7a<\/b> empunhando suas armas de guerra (puxa saco, favores recebidos, empregos de amigos e parentes) e a turma que joga poeira no ventilador querendo que tudo se exploda, \u00e9 o papel da hiena, ri de tudo, principalmente da desgra\u00e7a alheia.<\/p>\n<p><!--more--><\/p>\n<p>Por n\u00e3o dever nada a nenhuma das duas turmas e longe quero ficar de ambas, inclusive seria de bom alvitre que n\u00e3o existissem, fico a perguntar como vamos sair desse imbr\u00f3glio.<\/p>\n<p>Fazendo algumas reflex\u00f5es junto a pessoas id\u00f4neas e respeitadas da cidade, sinto que todas querem de verdade que as coisas se resolvam, que o alcaide assuma de uma vez a sua miss\u00e3o e que passemos a acreditar em alguma mudan\u00e7a.<\/p>\n<p>L\u00e1 se vai o primeiro ano de mandato, se j\u00e1 existia imensos problemas, agora eles se tornaram uma montanha e o nosso alcaide vai ter que se virar para dar a volta por cima.<\/p>\n<p>Sinceramente \u00e9 o que todos os ilheenses desejam, pois ningu\u00e9m ag\u00fcenta mais tanta bagun\u00e7a.<\/p>\n<p>As hienas andam apregoando que um dia a gente vai sentir saudade do governo passado, pode uma p&#8230; dessa? Realmente \u00e9 coisa de hiena, predador nojento por carca\u00e7a.<\/p>\n<p>Os esfor\u00e7os de alguns secret\u00e1rios em mostrar servi\u00e7o s\u00e3o reconhecidos, mas as dificuldades atrapalham todo o desenrolar das iniciativas, nem a \u201ceficient\u00edssima\u201d e \u201cnecess\u00e1ria\u201d secretaria de rela\u00e7\u00f5es institucionais consegue chegar perto dos garotos do re\u00fane Ilh\u00e9us.<\/p>\n<p>Meu vizinho JABES RIBEIRO, filho de meu saudoso amigo e parente Seu Z\u00e9 Ribeiro, mesmo estando de lado oposto, pois sou um cidad\u00e3o e o senhor \u00e9 o alcaide, quero imensamente que uma luz seja achada no fim do t\u00fanel e que a sua gest\u00e3o encontre um caminho menos turbulento e tente com todas as for\u00e7as reverter o preju\u00edzo de tantos anos que a nossa sofrida cidade est\u00e1 enfrentando.<\/p>\n<p>O Senhor encontrou com um amigo meu neste domingo passado e disse ao seu p\u00e9 de ouvido que venceria esta guerra e eu estou torcendo para que isto aconte\u00e7a de fato, para o bem de todos os ilheenses nativos e adotados, este povo que tem uma hist\u00f3ria de lutas, desafios e sobrevive at\u00e9 hoje com altivez.<\/p>\n<p>Coragem prefeito JABES RIBEIRO, n\u00e3o fique s\u00f3 na frase, mostre a este povo que o Senhor tamb\u00e9m tem amor por Ilh\u00e9us, nesses tr\u00eas anos que ainda tem pela frente de mandato a p\u00e1gina do livro pode virar, esperamos que para melhor.<\/p>\n<p><b>\u201c Foi um compromisso de campanha, \u00e9 um compromisso de governo e \u00e9 um compromisso com a minha vida.\u201d Jabes Souza Ribeiro.<\/b><\/p>\n<p>&nbsp;<\/p>\n<p><b>Z\u00c9CARLOS JUNIOR<\/b><\/p>\n","protected":false},"excerpt":{"rendered":"<p>Com certeza que o nosso alcaide n\u00e3o esperava por isso, calejado que \u00e9 nos embates pol\u00edticos. No meio dessa crise sem limites, quando o gestor p\u00fablico em seu primeiro ano de mandato n\u00e3o disse pra que veio, o que est\u00e1 causando preocupa\u00e7\u00e3o \u00e9 que a auto-estima do ilheense est\u00e1 escorrendo pelo ralo. Nos pontos de [&hellip;]<\/p>\n","protected":false},"author":2,"featured_media":0,"comment_status":"open","ping_status":"open","sticky":false,"template":"","format":"standard","meta":{"_links_to":"","_links_to_target":""},"categories":[10],"tags":[],"_links":{"self":[{"href":"https:\/\/www.r2cpress.com.br\/v1\/wp-json\/wp\/v2\/posts\/71660"}],"collection":[{"href":"https:\/\/www.r2cpress.com.br\/v1\/wp-json\/wp\/v2\/posts"}],"about":[{"href":"https:\/\/www.r2cpress.com.br\/v1\/wp-json\/wp\/v2\/types\/post"}],"author":[{"embeddable":true,"href":"https:\/\/www.r2cpress.com.br\/v1\/wp-json\/wp\/v2\/users\/2"}],"replies":[{"embeddable":true,"href":"https:\/\/www.r2cpress.com.br\/v1\/wp-json\/wp\/v2\/comments?post=71660"}],"version-history":[{"count":3,"href":"https:\/\/www.r2cpress.com.br\/v1\/wp-json\/wp\/v2\/posts\/71660\/revisions"}],"predecessor-version":[{"id":71663,"href":"https:\/\/www.r2cpress.com.br\/v1\/wp-json\/wp\/v2\/posts\/71660\/revisions\/71663"}],"wp:attachment":[{"href":"https:\/\/www.r2cpress.com.br\/v1\/wp-json\/wp\/v2\/media?parent=71660"}],"wp:term":[{"taxonomy":"category","embeddable":true,"href":"https:\/\/www.r2cpress.com.br\/v1\/wp-json\/wp\/v2\/categories?post=71660"},{"taxonomy":"post_tag","embeddable":true,"href":"https:\/\/www.r2cpress.com.br\/v1\/wp-json\/wp\/v2\/tags?post=71660"}],"curies":[{"name":"wp","href":"https:\/\/api.w.org\/{rel}","templated":true}]}}