{"id":71668,"date":"2013-09-10T22:02:48","date_gmt":"2013-09-11T01:02:48","guid":{"rendered":"http:\/\/www.r2cpress.com.br\/v1\/?p=71668"},"modified":"2013-09-10T22:02:48","modified_gmt":"2013-09-11T01:02:48","slug":"noticias-da-avep-26","status":"publish","type":"post","link":"https:\/\/www.r2cpress.com.br\/v1\/2013\/09\/10\/noticias-da-avep-26\/","title":{"rendered":"NOT\u00cdCIAS DA AVEP"},"content":{"rendered":"<h1 style=\"text-align: center;\"><strong>PELUDO E CRISPINIANO GANHAM<\/strong><\/h1>\n<p><img loading=\"lazy\" class=\"alignleft\" alt=\"\" src=\"http:\/\/www.r2cpress.com.br\/v1\/wp-content\/uploads\/CART%C3%83O-HECKEL-AVEP-300x115.jpg\" width=\"300\" height=\"115\" \/>Na 13\u00aa rodada de \u201cbaba de praia\u201d da AVEP(Associa\u00e7\u00e3o dos Veteranos de Esporte Praiano) realizada domingo(8) pela manh\u00e3 a equipe (<b><i>Campo Grimaldo<\/i><\/b>) do <b>Capit\u00e3o Crispiniano<\/b> venceu a do <b>Capit\u00e3o Haroldo<\/b> pelo escore de <b>4 a 1<\/b> com gols de <b>Crispiniano(3) e\u00a0 Tabosa<\/b>, descontando <b>Sena<\/b> para a perdedora. No <b>Campo Martial <\/b>o quadro do <b>Capit\u00e3o Djalma Peludo<\/b> abateu o do <b>Capit\u00e3o Paul\u00f4 por 3 a 1<\/b>, gols\u00a0 de <b>Ismar, Jatob\u00e1 e Tain\u00e3<\/b>, marcando <b>Renatinho<\/b> para Paul\u00f4.\u00a0 O juiz <b>Tom\u00e9 Pacheco (<i>Campo Grimaldo<\/i>)<\/b> teve regular atua\u00e7\u00e3o, necessitando reciclar a parte f\u00edsica. De acordo os analisadores de arbitragem o \u00e1rbitro esteve meio parado, n\u00e3o chegando junto aos lances. J\u00e1 <b>Edson Mirando<\/b> do <b><i>Campo Martial<\/i><\/b> fora aprovado sem coment\u00e1rios. Esses \u00e1rbitros fazem parte da <b>Liga Ilheense de Futebol<\/b>. Local dos jogos: praia da Av. Soares Lopes, imedia\u00e7\u00f5es do Ed. Santa Clara.<\/p>\n<div id=\"attachment_71669\" style=\"width: 610px\" class=\"wp-caption aligncenter\"><a href=\"http:\/\/www.r2cpress.com.br\/v1\/wp-content\/uploads\/C_8270.jpg\"><img aria-describedby=\"caption-attachment-71669\" loading=\"lazy\" class=\"size-full wp-image-71669\" alt=\"1\" src=\"http:\/\/www.r2cpress.com.br\/v1\/wp-content\/uploads\/C_8270.jpg\" width=\"600\" height=\"450\" srcset=\"https:\/\/www.r2cpress.com.br\/v1\/wp-content\/uploads\/C_8270.jpg 600w, https:\/\/www.r2cpress.com.br\/v1\/wp-content\/uploads\/C_8270-300x225.jpg 300w\" sizes=\"(max-width: 600px) 100vw, 600px\" \/><\/a><p id=\"caption-attachment-71669\" class=\"wp-caption-text\">1<\/p><\/div>\n<div id=\"attachment_71670\" style=\"width: 610px\" class=\"wp-caption aligncenter\"><a href=\"http:\/\/www.r2cpress.com.br\/v1\/wp-content\/uploads\/C_8274.jpg\"><img aria-describedby=\"caption-attachment-71670\" loading=\"lazy\" class=\"size-full wp-image-71670\" alt=\"1\" src=\"http:\/\/www.r2cpress.com.br\/v1\/wp-content\/uploads\/C_8274.jpg\" width=\"600\" height=\"450\" srcset=\"https:\/\/www.r2cpress.com.br\/v1\/wp-content\/uploads\/C_8274.jpg 600w, https:\/\/www.r2cpress.com.br\/v1\/wp-content\/uploads\/C_8274-300x225.jpg 300w\" sizes=\"(max-width: 600px) 100vw, 600px\" \/><\/a><p id=\"caption-attachment-71670\" class=\"wp-caption-text\">1<\/p><\/div>\n<div id=\"attachment_71672\" style=\"width: 610px\" class=\"wp-caption aligncenter\"><a href=\"http:\/\/www.r2cpress.com.br\/v1\/wp-content\/uploads\/C_8268.jpg\"><img aria-describedby=\"caption-attachment-71672\" loading=\"lazy\" class=\"size-full wp-image-71672\" alt=\".\" src=\"http:\/\/www.r2cpress.com.br\/v1\/wp-content\/uploads\/C_8268.jpg\" width=\"600\" height=\"450\" srcset=\"https:\/\/www.r2cpress.com.br\/v1\/wp-content\/uploads\/C_8268.jpg 600w, https:\/\/www.r2cpress.com.br\/v1\/wp-content\/uploads\/C_8268-300x225.jpg 300w\" sizes=\"(max-width: 600px) 100vw, 600px\" \/><\/a><p id=\"caption-attachment-71672\" class=\"wp-caption-text\">.<\/p><\/div>\n<div id=\"attachment_71673\" style=\"width: 610px\" class=\"wp-caption aligncenter\"><a href=\"http:\/\/www.r2cpress.com.br\/v1\/wp-content\/uploads\/C_8277.jpg\"><img aria-describedby=\"caption-attachment-71673\" loading=\"lazy\" class=\"size-full wp-image-71673\" alt=\".\" src=\"http:\/\/www.r2cpress.com.br\/v1\/wp-content\/uploads\/C_8277.jpg\" width=\"600\" height=\"450\" srcset=\"https:\/\/www.r2cpress.com.br\/v1\/wp-content\/uploads\/C_8277.jpg 600w, https:\/\/www.r2cpress.com.br\/v1\/wp-content\/uploads\/C_8277-300x225.jpg 300w\" sizes=\"(max-width: 600px) 100vw, 600px\" \/><\/a><p id=\"caption-attachment-71673\" class=\"wp-caption-text\">.<\/p><\/div>\n<p><b><i>Equipes no Campo Grimaldo<\/i><\/b><i>: (<b>Cap. Crispiniano<\/b>): -Ricardo, Valmick, N\u00e9o Bastos, Silva, Torisco, Japon\u00eas, Dr. Souto, Tabosa, Slaibi e Crispiniano\u00a0 X\u00a0 (<b>Cap. Haroldo)<\/b> Marcelo, Vado, Haroldo, Mario Cabe\u00e7a Branca, Sena, Pedro Paulo, Cesinha, Jean, Marconi e Silveira<\/i><\/p>\n<p><b><i>Equipes no Campo Martial: (Cap. Paul\u00f4)\u00a0 &#8211;<\/i><\/b><i> Rosilvado, Everaldo Cabe\u00e7a de Flande, Paulinho Gois, Heckel, Danilo, Sizinio, Z\u00e9 Eduardo, Paul\u00f4, Melga\u00e7o, Erisvan e\u00a0 Garrancho (depois\u00a0 Renatinho)\u00a0 X\u00a0 <b>(Cap. Djalma Peludo<\/b>) \u2013 Zeca, Galletti, Prof. Jorge Reis, Silvio Reis, Djalma Peludo, Eliandro Picol\u00e9, Tain\u00e3, Ismar, Luis Humberto, Jatob\u00e1 e Luciano<\/i><\/p>\n<p><b>Coment\u00e1rios dos Observadores<\/b><\/p>\n<div id=\"attachment_71671\" style=\"width: 610px\" class=\"wp-caption aligncenter\"><a href=\"http:\/\/www.r2cpress.com.br\/v1\/wp-content\/uploads\/C_8275.jpg\"><img aria-describedby=\"caption-attachment-71671\" loading=\"lazy\" class=\"size-full wp-image-71671\" alt=\".\" src=\"http:\/\/www.r2cpress.com.br\/v1\/wp-content\/uploads\/C_8275.jpg\" width=\"600\" height=\"450\" srcset=\"https:\/\/www.r2cpress.com.br\/v1\/wp-content\/uploads\/C_8275.jpg 600w, https:\/\/www.r2cpress.com.br\/v1\/wp-content\/uploads\/C_8275-300x225.jpg 300w\" sizes=\"(max-width: 600px) 100vw, 600px\" \/><\/a><p id=\"caption-attachment-71671\" class=\"wp-caption-text\">.<\/p><\/div>\n<p>Parece que a fase de artilheiro do centro-avante Crispiniano est\u00e1 de volta. Na rodada passada marcou 3 e nesta 3, as duas, ressalte-se, com a tarja de capit\u00e3o.\u00a0 Ao contr\u00e1rio deste atleta, os chamadores Renatinho, avante, e o beque Paulinho Gois\u00a0 est\u00e3o numa fase muito ruim, perdendo partidas consecutivas\u00a0 e para acachapar neste domingo tomaram dois cacetes em seguida, um no \u201cbaba do Outeiro\u201d (de Adelmo e Charmite) e o outro aqui na Avep.<\/p>\n<div id=\"attachment_71675\" style=\"width: 610px\" class=\"wp-caption aligncenter\"><a href=\"http:\/\/www.r2cpress.com.br\/v1\/wp-content\/uploads\/C_6644.jpg\"><img aria-describedby=\"caption-attachment-71675\" loading=\"lazy\" class=\"size-full wp-image-71675\" alt=\".\" src=\"http:\/\/www.r2cpress.com.br\/v1\/wp-content\/uploads\/C_6644.jpg\" width=\"600\" height=\"450\" srcset=\"https:\/\/www.r2cpress.com.br\/v1\/wp-content\/uploads\/C_6644.jpg 600w, https:\/\/www.r2cpress.com.br\/v1\/wp-content\/uploads\/C_6644-300x225.jpg 300w\" sizes=\"(max-width: 600px) 100vw, 600px\" \/><\/a><p id=\"caption-attachment-71675\" class=\"wp-caption-text\">.<\/p><\/div>\n<div id=\"attachment_71676\" style=\"width: 610px\" class=\"wp-caption aligncenter\"><a href=\"http:\/\/www.r2cpress.com.br\/v1\/wp-content\/uploads\/C_8272.jpg\"><img aria-describedby=\"caption-attachment-71676\" loading=\"lazy\" class=\"size-full wp-image-71676\" alt=\".\" src=\"http:\/\/www.r2cpress.com.br\/v1\/wp-content\/uploads\/C_8272.jpg\" width=\"600\" height=\"450\" srcset=\"https:\/\/www.r2cpress.com.br\/v1\/wp-content\/uploads\/C_8272.jpg 600w, https:\/\/www.r2cpress.com.br\/v1\/wp-content\/uploads\/C_8272-300x225.jpg 300w\" sizes=\"(max-width: 600px) 100vw, 600px\" \/><\/a><p id=\"caption-attachment-71676\" class=\"wp-caption-text\">.<\/p><\/div>\n<p>Quem estreou na Associa\u00e7\u00e3o com vit\u00f3ria foi o <b>zagueiro e comentarista esportivo N\u00e9o Bastos<\/b>, que tudo indica integrar\u00e1 a comiss\u00e3o organizadora da Banda Podre. Para tal fim est\u00e1 previsto para esta semana o entendimento de membros deste grupo com o referido beque. Por falar nisso a Banda Podre agendou reuni\u00e3o para o fim do m\u00eas com o objetivo elaborar o calend\u00e1rio de jogos de ver\u00e3o.<\/p>\n<div id=\"attachment_71674\" style=\"width: 610px\" class=\"wp-caption aligncenter\"><a href=\"http:\/\/www.r2cpress.com.br\/v1\/wp-content\/uploads\/C_7995.jpg\"><img aria-describedby=\"caption-attachment-71674\" loading=\"lazy\" class=\"size-full wp-image-71674\" alt=\".\" src=\"http:\/\/www.r2cpress.com.br\/v1\/wp-content\/uploads\/C_7995.jpg\" width=\"600\" height=\"450\" srcset=\"https:\/\/www.r2cpress.com.br\/v1\/wp-content\/uploads\/C_7995.jpg 600w, https:\/\/www.r2cpress.com.br\/v1\/wp-content\/uploads\/C_7995-300x225.jpg 300w\" sizes=\"(max-width: 600px) 100vw, 600px\" \/><\/a><p id=\"caption-attachment-71674\" class=\"wp-caption-text\">.<\/p><\/div>\n<p>O <b>beque de espera Djalma Peludo<\/b> retornou ap\u00f3s um bom tempo ausente em raz\u00e3o do tratamento do joelho podre. Voltou ganhando de Paul\u00f4. Mas comentou-se que Peludo pegara Paul\u00f4 numa manh\u00e3 de pouca inspira\u00e7\u00e3o na escolha dos atletas. Possivelmente, afirmou-se, tenha sido a preocupa\u00e7\u00e3o com o Colo-Colo.<\/p>\n<p>Quem voltou tamb\u00e9m foi o ex-beque de espera da Sele\u00e7\u00e3o de Camamu, <b>Everaldo Cabe\u00e7a de Flande (<\/b>como diz o locutor esportivo Bira Madureira). Fora de forma, n\u00e3o esteve nos seus melhores dias, mas com as tiradas de sempre. Ao ouvir falar que o meia Vado e o beque Paulinho retornaram \u00e0 dire\u00e7\u00e3o da Abaneb n\u00e3o hesitou em sair com essa: \u201cVixe! mais um golpe em Ilh\u00e9us\u201d. <i>Claro, s\u00f3 de sacanagem. <\/i><\/p>\n<p>Foi registrado que o volante Esrivan quando enverga a farda de capit\u00e3o, se esfor\u00e7a, d\u00e1 carrinho, faz o diabo pra ganhar a partida, fora disso fica na dele, quando n\u00e3o tira uma de jogar bonito perto de sua \u00e1rea e perde a bola, como nesta rodada, colocando a retaguarda em pavorosa.<\/p>\n<p>Outro registro foi que o lateral esquerdo Eduardo Japon\u00eas esteve \u00e0s turras com seu companheiro de equipe o meia Dr. Souto. N\u00e3o se sabe como, o \u00a0Dr. Souto consegui um Cart\u00e3o Amarelo e ratado da vida, aplicou no lateral.<\/p>\n<p><b>BAR DE ZEZINHO<\/b><\/p>\n<p>Ap\u00f3s as partidas um n\u00famero expressivo de associados foi deliciar no <b><i>Bar Dois Irm\u00e3os<\/i><\/b> umas e outras cervejinhas geladas acompanhadas de peixe frito feito na hora a cargo do <b><i>promoter e agora chef Zezinho da Baixa Fria. Quem compareceu andou anunciando que teve gente depois de \u201cmamado\u201d soltando as frangas. <\/i><\/b><\/p>\n<p>&nbsp;<\/p>\n<p>&nbsp;<\/p>\n","protected":false},"excerpt":{"rendered":"<p>PELUDO E CRISPINIANO GANHAM Na 13\u00aa rodada de \u201cbaba de praia\u201d da AVEP(Associa\u00e7\u00e3o dos Veteranos de Esporte Praiano) realizada domingo(8) pela manh\u00e3 a equipe (Campo Grimaldo) do Capit\u00e3o Crispiniano venceu a do Capit\u00e3o Haroldo pelo escore de 4 a 1 com gols de Crispiniano(3) e\u00a0 Tabosa, descontando Sena para a perdedora. No Campo Martial o [&hellip;]<\/p>\n","protected":false},"author":2,"featured_media":0,"comment_status":"open","ping_status":"open","sticky":false,"template":"","format":"standard","meta":{"_links_to":"","_links_to_target":""},"categories":[11],"tags":[],"_links":{"self":[{"href":"https:\/\/www.r2cpress.com.br\/v1\/wp-json\/wp\/v2\/posts\/71668"}],"collection":[{"href":"https:\/\/www.r2cpress.com.br\/v1\/wp-json\/wp\/v2\/posts"}],"about":[{"href":"https:\/\/www.r2cpress.com.br\/v1\/wp-json\/wp\/v2\/types\/post"}],"author":[{"embeddable":true,"href":"https:\/\/www.r2cpress.com.br\/v1\/wp-json\/wp\/v2\/users\/2"}],"replies":[{"embeddable":true,"href":"https:\/\/www.r2cpress.com.br\/v1\/wp-json\/wp\/v2\/comments?post=71668"}],"version-history":[{"count":3,"href":"https:\/\/www.r2cpress.com.br\/v1\/wp-json\/wp\/v2\/posts\/71668\/revisions"}],"predecessor-version":[{"id":71679,"href":"https:\/\/www.r2cpress.com.br\/v1\/wp-json\/wp\/v2\/posts\/71668\/revisions\/71679"}],"wp:attachment":[{"href":"https:\/\/www.r2cpress.com.br\/v1\/wp-json\/wp\/v2\/media?parent=71668"}],"wp:term":[{"taxonomy":"category","embeddable":true,"href":"https:\/\/www.r2cpress.com.br\/v1\/wp-json\/wp\/v2\/categories?post=71668"},{"taxonomy":"post_tag","embeddable":true,"href":"https:\/\/www.r2cpress.com.br\/v1\/wp-json\/wp\/v2\/tags?post=71668"}],"curies":[{"name":"wp","href":"https:\/\/api.w.org\/{rel}","templated":true}]}}