{"id":71700,"date":"2013-09-11T13:59:09","date_gmt":"2013-09-11T16:59:09","guid":{"rendered":"http:\/\/www.r2cpress.com.br\/v1\/?p=71700"},"modified":"2013-09-11T13:59:09","modified_gmt":"2013-09-11T16:59:09","slug":"convite-a-sedur","status":"publish","type":"post","link":"https:\/\/www.r2cpress.com.br\/v1\/2013\/09\/11\/convite-a-sedur\/","title":{"rendered":"CONVITE \u00c0 SEDUR"},"content":{"rendered":"<p><img loading=\"lazy\" src=\"http:\/\/www.r2cpress.com.br\/v1\/wp-content\/uploads\/NILSON-PESSOA_MODIFICADA.jpg\" width=\"300\" height=\"209\" class=\"alignleft\" \/><span style=\"font-family: Times New Roman; font-size: large;\"><span style=\"font-size: medium;\">A respeito de mat\u00e9ria veiculada\u00a0pela Secom da Pefeitura de Ilh\u00e9us, publicada aqui no <strong>R2CPRESS <\/strong>em 10\/09\/13, \u00a0sob o t\u00edtulo <strong>&#8220;Ilh\u00e9us intensifica a revitaliza\u00e7\u00e3o do sistema de ilumina\u00e7\u00e3o p\u00fablica&#8221;<\/strong> ( clique <span style=\"color: #ac193d;\"><strong><span style=\"text-decoration: underline;\">.<a href = \"http:\/\/www.r2cpress.com.br\/v1\/2013\/09\/10\/ilheus-intensifica-a-revitalizacao-do-sistema-de-iluminacao-publica\/\" target = \"_news\"><b>aqui<\/b><\/a><\/span><\/strong><\/span><span style=\"color: #000000;\"> ), aproveito o momento oportuno e convido a SEDUR, Secretaria de Desenvolvimento Urbano, a visitar a\u00a0famosa &#8220;Z\u00e2mbia&#8221;-\u00a0zona sul, ao lado do col\u00e9gio CAIC &#8211; \u00a0para\u00a0tomar as devidas provid\u00eancias em rela\u00e7\u00e3o aos 4 (quatro) postes de ilumina\u00e7\u00e3o\u00a0daquela via p\u00fablica que virou\u00a0lix\u00e3o (ainda assim, continua sendo uma via p\u00fablica).<\/span><\/span><\/span><br \/>\n<span style=\"font-family: Times New Roman; font-size: large;\"><span style=\"font-size: medium;\"><span style=\"color: #000000;\">N\u00e3o \u00e9 nenhuma novidade, \u00e9 de longa data e\u00a0j\u00e1 fiz alguns relatos sobre o assunto aqui mesmo no <strong>R2CPRESS<\/strong>. Os postes est\u00e3o l\u00e1, por\u00e9m sem fia\u00e7\u00e3o nem l\u00e2mpadas.\u00a0Me disse certa vez o vereador Roque do Sesp:\u00a0&#8220;vou providenciar, \u00e9 coisa simples e r\u00e1pida de fazer&#8221;, mas n\u00e3o fez e ficou devendo.<\/span><\/span><\/span><br \/>\n<span style=\"font-family: Times New Roman; font-size: large;\"><span style=\"font-size: medium;\">A completa escurid\u00e3o propicia atos il\u00edcitos como assaltos e o pr\u00f3prio descarte de lixo dom\u00e9stico \u00e0 noite, trazendo de volta ou urubus durante o dia. Os alunos do turno noturno do CAIC se sentem inseguros e desencorajados em utilizar a via para chegar e sair do col\u00e9gio e t\u00eam de fazer um caminho mais longo. Uma escurid\u00e3o total e fora de prop\u00f3sito,\u00a0verdadeiro exemplo de desaten\u00e7\u00e3o do munic\u00edpio para com seus cidad\u00e3os. E de longa data.<\/span><\/span><\/p>\n<p><center>  <a href=\"http:\/\/www.r2cpress.com.br\/v1\/wp-content\/uploads\/zambia-sem-fio.jpg\"><img loading=\"lazy\" src=\"http:\/\/www.r2cpress.com.br\/v1\/wp-content\/uploads\/zambia-sem-fio.jpg\" alt=\"zambia sem fio\" width=\"600\" height=\"600\" class=\"aligncenter size-full wp-image-71702\" srcset=\"https:\/\/www.r2cpress.com.br\/v1\/wp-content\/uploads\/zambia-sem-fio.jpg 600w, https:\/\/www.r2cpress.com.br\/v1\/wp-content\/uploads\/zambia-sem-fio-150x150.jpg 150w, https:\/\/www.r2cpress.com.br\/v1\/wp-content\/uploads\/zambia-sem-fio-300x300.jpg 300w\" sizes=\"(max-width: 600px) 100vw, 600px\" \/><\/a>  <\/center><br \/>\n<span style=\"font-family: Times New Roman;\"><strong><em>Nilson Pessoa<\/em><\/strong><\/span><\/p>\n","protected":false},"excerpt":{"rendered":"<p>A respeito de mat\u00e9ria veiculada\u00a0pela Secom da Pefeitura de Ilh\u00e9us, publicada aqui no R2CPRESS em 10\/09\/13, \u00a0sob o t\u00edtulo &#8220;Ilh\u00e9us intensifica a revitaliza\u00e7\u00e3o do sistema de ilumina\u00e7\u00e3o p\u00fablica&#8221; ( clique .aqui ), aproveito o momento oportuno e convido a SEDUR, Secretaria de Desenvolvimento Urbano, a visitar a\u00a0famosa &#8220;Z\u00e2mbia&#8221;-\u00a0zona sul, ao lado do col\u00e9gio CAIC &#8211; [&hellip;]<\/p>\n","protected":false},"author":2,"featured_media":0,"comment_status":"open","ping_status":"open","sticky":false,"template":"","format":"standard","meta":{"_links_to":"","_links_to_target":""},"categories":[10],"tags":[],"_links":{"self":[{"href":"https:\/\/www.r2cpress.com.br\/v1\/wp-json\/wp\/v2\/posts\/71700"}],"collection":[{"href":"https:\/\/www.r2cpress.com.br\/v1\/wp-json\/wp\/v2\/posts"}],"about":[{"href":"https:\/\/www.r2cpress.com.br\/v1\/wp-json\/wp\/v2\/types\/post"}],"author":[{"embeddable":true,"href":"https:\/\/www.r2cpress.com.br\/v1\/wp-json\/wp\/v2\/users\/2"}],"replies":[{"embeddable":true,"href":"https:\/\/www.r2cpress.com.br\/v1\/wp-json\/wp\/v2\/comments?post=71700"}],"version-history":[{"count":3,"href":"https:\/\/www.r2cpress.com.br\/v1\/wp-json\/wp\/v2\/posts\/71700\/revisions"}],"predecessor-version":[{"id":71704,"href":"https:\/\/www.r2cpress.com.br\/v1\/wp-json\/wp\/v2\/posts\/71700\/revisions\/71704"}],"wp:attachment":[{"href":"https:\/\/www.r2cpress.com.br\/v1\/wp-json\/wp\/v2\/media?parent=71700"}],"wp:term":[{"taxonomy":"category","embeddable":true,"href":"https:\/\/www.r2cpress.com.br\/v1\/wp-json\/wp\/v2\/categories?post=71700"},{"taxonomy":"post_tag","embeddable":true,"href":"https:\/\/www.r2cpress.com.br\/v1\/wp-json\/wp\/v2\/tags?post=71700"}],"curies":[{"name":"wp","href":"https:\/\/api.w.org\/{rel}","templated":true}]}}