{"id":71708,"date":"2013-09-11T19:13:22","date_gmt":"2013-09-11T22:13:22","guid":{"rendered":"http:\/\/www.r2cpress.com.br\/v1\/?p=71708"},"modified":"2013-09-11T19:13:22","modified_gmt":"2013-09-11T22:13:22","slug":"alfredo-amorim-da-silveira-em-10taques-89","status":"publish","type":"post","link":"https:\/\/www.r2cpress.com.br\/v1\/2013\/09\/11\/alfredo-amorim-da-silveira-em-10taques-89\/","title":{"rendered":"Alfredo Amorim da Silveira em \u201c10TAQUES\u201d"},"content":{"rendered":"<div id=\"attachment_71709\" style=\"width: 210px\" class=\"wp-caption aligncenter\"><a href=\"http:\/\/www.r2cpress.com.br\/v1\/wp-content\/uploads\/bento-berilo.jpg\"><img aria-describedby=\"caption-attachment-71709\" loading=\"lazy\" class=\"size-full wp-image-71709\" alt=\"Bento Berilo de Oliveira\" src=\"http:\/\/www.r2cpress.com.br\/v1\/wp-content\/uploads\/bento-berilo.jpg\" width=\"200\" height=\"265\" \/><\/a><p id=\"caption-attachment-71709\" class=\"wp-caption-text\"><strong>Bento Berilo de Oliveira<\/strong><\/p><\/div>\n<p><img loading=\"lazy\" class=\"alignleft\" alt=\"\" src=\"http:\/\/www.r2cpress.com.br\/v1\/wp-content\/uploads\/alfredo-amorim-nova.jpg\" width=\"300\" height=\"105\" \/>Nasceu no Arraial de Timb\u00f3 em 21 de mar\u00e7o de 1875.<\/p>\n<p>S\u00f3 completou o curso prim\u00e1rio, veio para Ilh\u00e9us em 1905 com a incumb\u00eancia de construir a Estrada de Ferro de Ilh\u00e9us. Depois de uma an\u00e1lise da futura estrada, em 1907, foi para a Inglaterra para conseguir um financiamento para a constru\u00e7\u00e3o da mesma, financiamento que conseguiu.<\/p>\n<p>Em 6 de abril de 1911 fez um contrato com a Prefeitura para a constru\u00e7\u00e3o do antigo porto da cidade, com a obriga\u00e7\u00e3o de aterrar toda a \u00e1rea, o porto \u00a0foi constru\u00eddo com recursos pr\u00f3prios, gastando toda as suas economias recorreu \u00e0 ajuda de Misael Tavares que lhe concedeu um empr\u00e9stimo para a constru\u00e7\u00e3o dos armaz\u00e9ns e a parte final do porto. O contrato lhe deu o direito de explora\u00e7\u00e3o do porto por noventa anos. Posteriormente o Decreto n\u00ba332 de 19 de setembro de 1905, autorizava transfer\u00eancia \u00e0 firma Oliveira, Carvalho &amp; Cia., que logo vendeu seu controle para a empresa inglesa <em>The State of Bahia South Western Railway Limited.<\/em><\/p>\n<p>Casou-se com Amazile Drumond com quem teve uma \u00fanica filha, Carmem, casada com Edgard Soares Pinho.<\/p>\n<p>Faleceu no Rio de Janeiro, no dia 7 de fevereiro de 1953, no Hospital S\u00e3o Sebasti\u00e3o.<\/p>\n","protected":false},"excerpt":{"rendered":"<p>Nasceu no Arraial de Timb\u00f3 em 21 de mar\u00e7o de 1875. S\u00f3 completou o curso prim\u00e1rio, veio para Ilh\u00e9us em 1905 com a incumb\u00eancia de construir a Estrada de Ferro de Ilh\u00e9us. Depois de uma an\u00e1lise da futura estrada, em 1907, foi para a Inglaterra para conseguir um financiamento para a constru\u00e7\u00e3o da mesma, financiamento [&hellip;]<\/p>\n","protected":false},"author":2,"featured_media":0,"comment_status":"open","ping_status":"open","sticky":false,"template":"","format":"standard","meta":{"_links_to":"","_links_to_target":""},"categories":[10],"tags":[],"_links":{"self":[{"href":"https:\/\/www.r2cpress.com.br\/v1\/wp-json\/wp\/v2\/posts\/71708"}],"collection":[{"href":"https:\/\/www.r2cpress.com.br\/v1\/wp-json\/wp\/v2\/posts"}],"about":[{"href":"https:\/\/www.r2cpress.com.br\/v1\/wp-json\/wp\/v2\/types\/post"}],"author":[{"embeddable":true,"href":"https:\/\/www.r2cpress.com.br\/v1\/wp-json\/wp\/v2\/users\/2"}],"replies":[{"embeddable":true,"href":"https:\/\/www.r2cpress.com.br\/v1\/wp-json\/wp\/v2\/comments?post=71708"}],"version-history":[{"count":3,"href":"https:\/\/www.r2cpress.com.br\/v1\/wp-json\/wp\/v2\/posts\/71708\/revisions"}],"predecessor-version":[{"id":71712,"href":"https:\/\/www.r2cpress.com.br\/v1\/wp-json\/wp\/v2\/posts\/71708\/revisions\/71712"}],"wp:attachment":[{"href":"https:\/\/www.r2cpress.com.br\/v1\/wp-json\/wp\/v2\/media?parent=71708"}],"wp:term":[{"taxonomy":"category","embeddable":true,"href":"https:\/\/www.r2cpress.com.br\/v1\/wp-json\/wp\/v2\/categories?post=71708"},{"taxonomy":"post_tag","embeddable":true,"href":"https:\/\/www.r2cpress.com.br\/v1\/wp-json\/wp\/v2\/tags?post=71708"}],"curies":[{"name":"wp","href":"https:\/\/api.w.org\/{rel}","templated":true}]}}