{"id":71713,"date":"2013-09-11T19:19:59","date_gmt":"2013-09-11T22:19:59","guid":{"rendered":"http:\/\/www.r2cpress.com.br\/v1\/?p=71713"},"modified":"2013-09-11T19:21:49","modified_gmt":"2013-09-11T22:21:49","slug":"dia-do-blogueiro","status":"publish","type":"post","link":"https:\/\/www.r2cpress.com.br\/v1\/2013\/09\/11\/dia-do-blogueiro\/","title":{"rendered":"ILH\u00c9US \/ Dia do Blogueiro"},"content":{"rendered":"<h5 data-ft=\"{&quot;type&quot;:1,&quot;tn&quot;:&quot;K&quot;}\">Acaba de ser aprovado por unanimidade, no plen\u00e1rio da C\u00e2mara de Vereadores de Ilh\u00e9us, projeto de autoria do vereador Cosme Ara\u00fajo, que institui o Dia do Blogueiro.<\/h5>\n<h5 data-ft=\"{&quot;type&quot;:1,&quot;tn&quot;:&quot;K&quot;}\">A data ser\u00e1 comemorada no dia 04 de abril.<\/h5>\n<h5 data-ft=\"{&quot;type&quot;:1,&quot;tn&quot;:&quot;K&quot;}\">O projeto de Ara\u00fajo referenda como patrono da blogsfera baiana o jornalista <a href=\"https:\/\/www.facebook.com\/roberto.rabatchame?directed_target_id=0\" data-hovercard=\"\/ajax\/hovercard\/user.php?id=100002371998812&amp;extragetparams=%7B%22directed_target_id%22%3A0%7D\">Roberto Rabat Chame<\/a>, pioneiro no Webjornalismo e reconhecido como o gigante d\u00e1 comunica\u00e7\u00e3o.<\/h5>\n<h5 data-ft=\"{&quot;type&quot;:1,&quot;tn&quot;:&quot;K&quot;}\">Parab\u00e9ns ao vereador <a href=\"https:\/\/www.facebook.com\/odefensor.cosmearaujo?directed_target_id=0\" data-hovercard=\"\/ajax\/hovercard\/user.php?id=100005341601394&amp;extragetparams=%7B%22directed_target_id%22%3A0%7D\">O Defensor Cosme Araujo<\/a> pela acertada iniciativa e a vota\u00e7\u00e3o dos demais.<\/h5>\n<p>&#8212;<\/p>\n<p><strong>Fabio Roberto<\/strong><\/p>\n<p><strong>Assessoria do Vereador Cosme Ara\u00fajo.<\/strong><\/p>\n","protected":false},"excerpt":{"rendered":"<p>Acaba de ser aprovado por unanimidade, no plen\u00e1rio da C\u00e2mara de Vereadores de Ilh\u00e9us, projeto de autoria do vereador Cosme Ara\u00fajo, que institui o Dia do Blogueiro. A data ser\u00e1 comemorada no dia 04 de abril. O projeto de Ara\u00fajo referenda como patrono da blogsfera baiana o jornalista Roberto Rabat Chame, pioneiro no Webjornalismo e [&hellip;]<\/p>\n","protected":false},"author":2,"featured_media":0,"comment_status":"open","ping_status":"open","sticky":false,"template":"","format":"standard","meta":{"_links_to":"","_links_to_target":""},"categories":[14],"tags":[],"_links":{"self":[{"href":"https:\/\/www.r2cpress.com.br\/v1\/wp-json\/wp\/v2\/posts\/71713"}],"collection":[{"href":"https:\/\/www.r2cpress.com.br\/v1\/wp-json\/wp\/v2\/posts"}],"about":[{"href":"https:\/\/www.r2cpress.com.br\/v1\/wp-json\/wp\/v2\/types\/post"}],"author":[{"embeddable":true,"href":"https:\/\/www.r2cpress.com.br\/v1\/wp-json\/wp\/v2\/users\/2"}],"replies":[{"embeddable":true,"href":"https:\/\/www.r2cpress.com.br\/v1\/wp-json\/wp\/v2\/comments?post=71713"}],"version-history":[{"count":4,"href":"https:\/\/www.r2cpress.com.br\/v1\/wp-json\/wp\/v2\/posts\/71713\/revisions"}],"predecessor-version":[{"id":71716,"href":"https:\/\/www.r2cpress.com.br\/v1\/wp-json\/wp\/v2\/posts\/71713\/revisions\/71716"}],"wp:attachment":[{"href":"https:\/\/www.r2cpress.com.br\/v1\/wp-json\/wp\/v2\/media?parent=71713"}],"wp:term":[{"taxonomy":"category","embeddable":true,"href":"https:\/\/www.r2cpress.com.br\/v1\/wp-json\/wp\/v2\/categories?post=71713"},{"taxonomy":"post_tag","embeddable":true,"href":"https:\/\/www.r2cpress.com.br\/v1\/wp-json\/wp\/v2\/tags?post=71713"}],"curies":[{"name":"wp","href":"https:\/\/api.w.org\/{rel}","templated":true}]}}