{"id":71718,"date":"2013-09-11T19:29:52","date_gmt":"2013-09-11T22:29:52","guid":{"rendered":"http:\/\/www.r2cpress.com.br\/v1\/?p=71718"},"modified":"2013-09-11T19:29:52","modified_gmt":"2013-09-11T22:29:52","slug":"operacao-tapa-buracos-beneficia-ruas-do-pontal-e-do-teotonio-vilela","status":"publish","type":"post","link":"https:\/\/www.r2cpress.com.br\/v1\/2013\/09\/11\/operacao-tapa-buracos-beneficia-ruas-do-pontal-e-do-teotonio-vilela\/","title":{"rendered":"Opera\u00e7\u00e3o tapa buracos beneficia ruas do Pontal e do Teot\u00f4nio Vilela"},"content":{"rendered":"<p><em><strong>A atividade foi concentrada na quarta-feira, dia 11, na Rua 13 de Maio, no Bairro do Pontal, e nas Ruas Belo Horizonte e Jos\u00e9 Carolino, no Teot\u00f4nio Vilela.<\/strong><\/em><\/p>\n<p>A Prefeitura de Ilh\u00e9us, atrav\u00e9s da Secretaria de Desenvolvimento Urbano (Sedur), concentroua opera\u00e7\u00e3o tapa-buracos, em pontos distintos da cidade, nesta quarta-feira, dia 11. Uma equipe atuouna Rua 13 de Maio, Bairro do Pontal, e outro grupo de oper\u00e1rios executou o mesmo tipo de servi\u00e7onas Ruas Belo Horizonte e Jos\u00e9 Carolino,no Teot\u00f4nio Vilela.<\/p>\n<p>O gerente de Obras, da Secretaria de Desenvolvimento Urbano, Ednaldo Azevedo, informou que os trabalhos foram prejudicados em fun\u00e7\u00e3o das chuvas que incidiram na regi\u00e3o nas \u00faltimas semanas. \u201cDe forma progressivadiversas localidades de Ilh\u00e9us ser\u00e3o beneficiadas. N\u00e3o podemos fazer a recupera\u00e7\u00e3o das vias nos dias chuvosos. Temos que considerar sempre as condi\u00e7\u00f5es clim\u00e1ticas\u201d, observou.<\/p>\n<p>Ednaldo Azevedo lembrou que num dos trechos da Avenida Princesa Isabel que se encontrava danificado, por conta de imper\u00edcia de uma empresa que comercializa areia no local, as corre\u00e7\u00f5es est\u00e3o sendo feitas.\u201cAp\u00f3s a notifica\u00e7\u00e3o emitida pela prefeitura, os ajustesj\u00e1 come\u00e7aram e os transtornos para o tr\u00e1fego de ve\u00edculos na \u00e1rea ir\u00e3o acabar\u201d, disse.<\/p>\n<p>A opera\u00e7\u00e3o tapa buracos teve in\u00edcio em Ilh\u00e9us no \u00faltimo dia 23 de agosto, pela Avenida Soares Lopes.  Os recursos da ordem de R$ 575.758,42 para a presta\u00e7\u00e3o do servi\u00e7o \u00e0 popula\u00e7\u00e3o, foram captados atrav\u00e9s de conv\u00eanio celebrado entre a Prefeitura Municipal e o Governo do Estado, por meio da Companhia de Desenvolvimento Urbano do Estado (Conder).<\/p>\n<p>A a\u00e7\u00e3o est\u00e1 sendo executada pela empresa Mazza Engenharia LTDA, vencedora da licita\u00e7\u00e3o, e j\u00e1 passou pelas avenidas Soares Lopes, Lomanto J\u00fanior, Esperan\u00e7a e Lu\u00eds Eduardo Magalh\u00e3es, al\u00e9m de pontos do Teot\u00f4nio Vilela.<\/p>\n<p>&#8212;<br \/>\nSecretaria de Comunica\u00e7\u00e3o Social (Secom)<br \/>\nIlh\u00e9us \u2013 11.09.2013<\/p>\n","protected":false},"excerpt":{"rendered":"<p>A atividade foi concentrada na quarta-feira, dia 11, na Rua 13 de Maio, no Bairro do Pontal, e nas Ruas Belo Horizonte e Jos\u00e9 Carolino, no Teot\u00f4nio Vilela. A Prefeitura de Ilh\u00e9us, atrav\u00e9s da Secretaria de Desenvolvimento Urbano (Sedur), concentroua opera\u00e7\u00e3o tapa-buracos, em pontos distintos da cidade, nesta quarta-feira, dia 11. Uma equipe atuouna Rua [&hellip;]<\/p>\n","protected":false},"author":2,"featured_media":0,"comment_status":"open","ping_status":"open","sticky":false,"template":"","format":"standard","meta":{"_links_to":"","_links_to_target":""},"categories":[23],"tags":[],"_links":{"self":[{"href":"https:\/\/www.r2cpress.com.br\/v1\/wp-json\/wp\/v2\/posts\/71718"}],"collection":[{"href":"https:\/\/www.r2cpress.com.br\/v1\/wp-json\/wp\/v2\/posts"}],"about":[{"href":"https:\/\/www.r2cpress.com.br\/v1\/wp-json\/wp\/v2\/types\/post"}],"author":[{"embeddable":true,"href":"https:\/\/www.r2cpress.com.br\/v1\/wp-json\/wp\/v2\/users\/2"}],"replies":[{"embeddable":true,"href":"https:\/\/www.r2cpress.com.br\/v1\/wp-json\/wp\/v2\/comments?post=71718"}],"version-history":[{"count":2,"href":"https:\/\/www.r2cpress.com.br\/v1\/wp-json\/wp\/v2\/posts\/71718\/revisions"}],"predecessor-version":[{"id":71720,"href":"https:\/\/www.r2cpress.com.br\/v1\/wp-json\/wp\/v2\/posts\/71718\/revisions\/71720"}],"wp:attachment":[{"href":"https:\/\/www.r2cpress.com.br\/v1\/wp-json\/wp\/v2\/media?parent=71718"}],"wp:term":[{"taxonomy":"category","embeddable":true,"href":"https:\/\/www.r2cpress.com.br\/v1\/wp-json\/wp\/v2\/categories?post=71718"},{"taxonomy":"post_tag","embeddable":true,"href":"https:\/\/www.r2cpress.com.br\/v1\/wp-json\/wp\/v2\/tags?post=71718"}],"curies":[{"name":"wp","href":"https:\/\/api.w.org\/{rel}","templated":true}]}}