{"id":71721,"date":"2013-09-11T20:36:40","date_gmt":"2013-09-11T23:36:40","guid":{"rendered":"http:\/\/www.r2cpress.com.br\/v1\/?p=71721"},"modified":"2013-09-11T20:36:40","modified_gmt":"2013-09-11T23:36:40","slug":"governador-confirma-que-bahia-ficara-fora-do-horario-de-verao-20132014","status":"publish","type":"post","link":"https:\/\/www.r2cpress.com.br\/v1\/2013\/09\/11\/governador-confirma-que-bahia-ficara-fora-do-horario-de-verao-20132014\/","title":{"rendered":"Governador confirma que Bahia ficar\u00e1 fora do hor\u00e1rio de ver\u00e3o 2013\/2014"},"content":{"rendered":"<p>O governador Jaques Wagner declarou, nesta quarta-feira (11), que a Bahia n\u00e3o vai participar do hor\u00e1rio de ver\u00e3o 2013\/2014. &#8220;N\u00f3s fizemos uma experi\u00eancia no ano retrasado, houve uma rea\u00e7\u00e3o muito grande, ent\u00e3o, independente daquilo que eu acho, eu tenho que ouvir a ampla maioria da popula\u00e7\u00e3o. A rejei\u00e7\u00e3o foi muito grande. Ent\u00e3o esse ano, como no ano passado, a Bahia se mant\u00e9m fora do hor\u00e1rio de ver\u00e3o&#8221;, afirmou. Pesquisas feitas pelo Governo apontam que a maioria dos baianos, principalmente os trabalhadores, n\u00e3o \u00e9 favor\u00e1vel ao hor\u00e1rio de ver\u00e3o.<\/p>\n<p>&#8230;<br \/>\nSecom  &#8211; Secretaria de Comunica\u00e7\u00e3o Social &#8211; Governo da Bahia.<\/p>\n","protected":false},"excerpt":{"rendered":"<p>O governador Jaques Wagner declarou, nesta quarta-feira (11), que a Bahia n\u00e3o vai participar do hor\u00e1rio de ver\u00e3o 2013\/2014. &#8220;N\u00f3s fizemos uma experi\u00eancia no ano retrasado, houve uma rea\u00e7\u00e3o muito grande, ent\u00e3o, independente daquilo que eu acho, eu tenho que ouvir a ampla maioria da popula\u00e7\u00e3o. A rejei\u00e7\u00e3o foi muito grande. Ent\u00e3o esse ano, como [&hellip;]<\/p>\n","protected":false},"author":2,"featured_media":0,"comment_status":"open","ping_status":"open","sticky":false,"template":"","format":"standard","meta":{"_links_to":"","_links_to_target":""},"categories":[29],"tags":[],"_links":{"self":[{"href":"https:\/\/www.r2cpress.com.br\/v1\/wp-json\/wp\/v2\/posts\/71721"}],"collection":[{"href":"https:\/\/www.r2cpress.com.br\/v1\/wp-json\/wp\/v2\/posts"}],"about":[{"href":"https:\/\/www.r2cpress.com.br\/v1\/wp-json\/wp\/v2\/types\/post"}],"author":[{"embeddable":true,"href":"https:\/\/www.r2cpress.com.br\/v1\/wp-json\/wp\/v2\/users\/2"}],"replies":[{"embeddable":true,"href":"https:\/\/www.r2cpress.com.br\/v1\/wp-json\/wp\/v2\/comments?post=71721"}],"version-history":[{"count":2,"href":"https:\/\/www.r2cpress.com.br\/v1\/wp-json\/wp\/v2\/posts\/71721\/revisions"}],"predecessor-version":[{"id":71723,"href":"https:\/\/www.r2cpress.com.br\/v1\/wp-json\/wp\/v2\/posts\/71721\/revisions\/71723"}],"wp:attachment":[{"href":"https:\/\/www.r2cpress.com.br\/v1\/wp-json\/wp\/v2\/media?parent=71721"}],"wp:term":[{"taxonomy":"category","embeddable":true,"href":"https:\/\/www.r2cpress.com.br\/v1\/wp-json\/wp\/v2\/categories?post=71721"},{"taxonomy":"post_tag","embeddable":true,"href":"https:\/\/www.r2cpress.com.br\/v1\/wp-json\/wp\/v2\/tags?post=71721"}],"curies":[{"name":"wp","href":"https:\/\/api.w.org\/{rel}","templated":true}]}}