{"id":71724,"date":"2013-09-11T20:40:56","date_gmt":"2013-09-11T23:40:56","guid":{"rendered":"http:\/\/www.r2cpress.com.br\/v1\/?p=71724"},"modified":"2013-09-11T21:13:03","modified_gmt":"2013-09-12T00:13:03","slug":"inauguracao-da-igreja-em-honra-a-irma-dulce-em-urucuca","status":"publish","type":"post","link":"https:\/\/www.r2cpress.com.br\/v1\/2013\/09\/11\/inauguracao-da-igreja-em-honra-a-irma-dulce-em-urucuca\/","title":{"rendered":"INAUGURA\u00c7\u00c3O DA IGREJA, EM HONRA A IRM\u00c3 DULCE, EM URU\u00c7UCA"},"content":{"rendered":"<p>Rabat,<\/p>\n<p>       Pediria a gentileza que voc\u00ea publicasse o texto abaixo e nos honrasse com sua presen\u00e7a neste grande evento para nossa regi\u00e3o:<br \/>\n <center><a href=\"http:\/\/www.r2cpress.com.br\/v1\/wp-content\/uploads\/Irma-dulce.jpg\"><img loading=\"lazy\" src=\"http:\/\/www.r2cpress.com.br\/v1\/wp-content\/uploads\/Irma-dulce.jpg\" alt=\"Irma dulce\" width=\"600\" height=\"437\" class=\"aligncenter size-full wp-image-71727\" srcset=\"https:\/\/www.r2cpress.com.br\/v1\/wp-content\/uploads\/Irma-dulce.jpg 600w, https:\/\/www.r2cpress.com.br\/v1\/wp-content\/uploads\/Irma-dulce-300x218.jpg 300w\" sizes=\"(max-width: 600px) 100vw, 600px\" \/><\/a><\/center><\/p>\n<p>Nesta sexta-feira, 13, \u00e0s 19 horas, em Uru\u00e7uca, ser\u00e1 realizada a missa de inaugura\u00e7\u00e3o e consagra\u00e7\u00e3o da 1\u00aa Igreja Irm\u00e3 Dulce, em nossa regi\u00e3o.<\/p>\n<p>Durante o dia, dividido, em dois momentos, pela manh\u00e3, \u00e0s 10 horas e \u00e0 tarde \u00e0s 15 horas,  haver\u00e1 apresenta\u00e7\u00e3o, no Centro Cultural \u00c1gua Preta, na Pra\u00e7a da Bandeira, para estudantes da rede municipal de ensino, de um filme sobre Irm\u00e3 Dulce e o testemunho de Ronaldo Castro, cantor de m\u00fasicas de Irm\u00e3 Dulce, que estar\u00e1 vindo do Santu\u00e1rio, em Salvador, junto com a tamb\u00e9m cantora, Jaqueline Mota, especialmente para abrilhantar a festa da Igreja da Bem Aventurada Dulce dos Pobres.<br \/>\nA partir das 17 horas haver\u00e1 concentra\u00e7\u00e3o na Pra\u00e7a Gilberto Moura, Urbis, em frente a Igreja S\u00e3o Jos\u00e9, de onde sair\u00e1 a imagem de Irm\u00e3 Dulce, em prociss\u00e3o para Igreja da Beata, que fica localizada junto ao conjunto de casas, popularmente conhecido como Portelinha, no Bairro Everaldo Argolo G\u00f3es.<br \/>\nAl\u00e9m dos cantores de Irm\u00e3 Dulce, que trar\u00e3o uma rel\u00edquia em 1\u00ba grau da futura santa, e do Bispo Diocesano de Ilh\u00e9us, D. Mauro Montagnoli, estar\u00e3o presentes fi\u00e9is de toda regi\u00e3o, que ser\u00e3o muito bem recebidos pela comunidade cat\u00f3lica de Uru\u00e7uca.<\/p>\n<p>&#8212;<br \/>\nHeraldo Santana<\/p>\n","protected":false},"excerpt":{"rendered":"<p>Rabat, Pediria a gentileza que voc\u00ea publicasse o texto abaixo e nos honrasse com sua presen\u00e7a neste grande evento para nossa regi\u00e3o: Nesta sexta-feira, 13, \u00e0s 19 horas, em Uru\u00e7uca, ser\u00e1 realizada a missa de inaugura\u00e7\u00e3o e consagra\u00e7\u00e3o da 1\u00aa Igreja Irm\u00e3 Dulce, em nossa regi\u00e3o. Durante o dia, dividido, em dois momentos, pela manh\u00e3, [&hellip;]<\/p>\n","protected":false},"author":2,"featured_media":0,"comment_status":"open","ping_status":"open","sticky":false,"template":"","format":"standard","meta":{"_links_to":"","_links_to_target":""},"categories":[10],"tags":[],"_links":{"self":[{"href":"https:\/\/www.r2cpress.com.br\/v1\/wp-json\/wp\/v2\/posts\/71724"}],"collection":[{"href":"https:\/\/www.r2cpress.com.br\/v1\/wp-json\/wp\/v2\/posts"}],"about":[{"href":"https:\/\/www.r2cpress.com.br\/v1\/wp-json\/wp\/v2\/types\/post"}],"author":[{"embeddable":true,"href":"https:\/\/www.r2cpress.com.br\/v1\/wp-json\/wp\/v2\/users\/2"}],"replies":[{"embeddable":true,"href":"https:\/\/www.r2cpress.com.br\/v1\/wp-json\/wp\/v2\/comments?post=71724"}],"version-history":[{"count":6,"href":"https:\/\/www.r2cpress.com.br\/v1\/wp-json\/wp\/v2\/posts\/71724\/revisions"}],"predecessor-version":[{"id":71728,"href":"https:\/\/www.r2cpress.com.br\/v1\/wp-json\/wp\/v2\/posts\/71724\/revisions\/71728"}],"wp:attachment":[{"href":"https:\/\/www.r2cpress.com.br\/v1\/wp-json\/wp\/v2\/media?parent=71724"}],"wp:term":[{"taxonomy":"category","embeddable":true,"href":"https:\/\/www.r2cpress.com.br\/v1\/wp-json\/wp\/v2\/categories?post=71724"},{"taxonomy":"post_tag","embeddable":true,"href":"https:\/\/www.r2cpress.com.br\/v1\/wp-json\/wp\/v2\/tags?post=71724"}],"curies":[{"name":"wp","href":"https:\/\/api.w.org\/{rel}","templated":true}]}}