{"id":71750,"date":"2013-09-12T10:04:57","date_gmt":"2013-09-12T13:04:57","guid":{"rendered":"http:\/\/www.r2cpress.com.br\/v1\/?p=71750"},"modified":"2013-09-12T10:04:57","modified_gmt":"2013-09-12T13:04:57","slug":"ii-encuentro-de-periodismo-deportivo-de-las-americas","status":"publish","type":"post","link":"https:\/\/www.r2cpress.com.br\/v1\/2013\/09\/12\/ii-encuentro-de-periodismo-deportivo-de-las-americas\/","title":{"rendered":"II Encuentro de Periodismo Deportivo de las Am\u00e9ricas"},"content":{"rendered":"<table width=\"628\" border=\"0\" cellspacing=\"0\" cellpadding=\"0\" align=\"center\">\n<tbody>\n<tr>\n<td><a href=\"http:\/\/r20.rs6.net\/tn.jsp?e=0018G4cam2upCU8ps53xljksNUIFUL5oz-LRggEnMgWgRK6PE_SoElTe_05ZiDQbMR50XCiivwM6tTtNR8DJ4QNCv-n1FiCKE_FHql__RnG7CA=\" target=\"_blank\"><img loading=\"lazy\" alt=\"\" src=\"http:\/\/www.institutodeprensa.com\/blast\/images\/IP_header.jpg\" width=\"628\" height=\"122\" border=\"0\" \/><\/a><\/td>\n<\/tr>\n<tr>\n<td>\n<p align=\"center\"><strong>El Instituto de Prensa de la SIP convoca al<\/strong><\/p>\n<h1><strong><span style=\"text-decoration: underline;\">II Encuentro de Periodismo Deportivo de las Am\u00e9ricas<\/span><\/strong><\/h1>\n<p align=\"center\"><strong>Lima, Per\u00fa, 17 y 18 de septiembre del 2013<\/strong><\/p>\n<p><a href=\"http:\/\/r20.rs6.net\/tn.jsp?e=0018G4cam2upCXepO2PdKAcyCCZErY8eIz5h76cS4a75vZ4lFT3gy4E2GG383GFhDXAn09eaAobnthIyj_bcgewE_4dNIltga0KU-NP679Gcf9w9Z70vgDAE9E8ve7aW_NdQBdOxBGIyzdWuCsrpzYV1g==\" target=\"_blank\">\u00a1INSCR\u00cdBASE YA!<\/a><\/td>\n<\/tr>\n<tr>\n<td>Ya nos separan pocos d\u00edas del encuentro de Lima, donde se reunir\u00e1n representantes de la prensa deportiva latinoamericana y destacados conferencistas de Estados Unidos y Europa. La cita servir\u00e1 como espacio de intercambio de experiencias e informaci\u00f3n, y resumir\u00e1 las \u00faltimas tendencias de la prensa deportiva en el mundo.<\/p>\n<p>Entre los temas que ser\u00e1n abordados se encuentran la seguridad en estadios y arenas, novedades de la prensa deportiva en Europa, el periodismo de investigaci\u00f3n en el \u00e1rea deportiva, prensa deportiva digital, entre otros.<\/p>\n<p>Un panel debatir\u00e1 el tan controvertido tema de la corrupci\u00f3n en el deporte.<\/p>\n<p>El anfitri\u00f3n del evento ser\u00e1 el diario <em>Depor, <\/em>perteneciente al grupo El Comercio, de Lima, una de las m\u00e1s importantes publicaciones sobre deportes en Per\u00fa y Latinoam\u00e9rica.<\/p>\n<p>Los conferencistas invitados representan a algunas de las principales publicaciones deportivas de Latinoam\u00e9rica y Europa. Entre los que ya est\u00e1n confirmados se encuentran:<\/p>\n<ul>\n<li><strong>Matthew Hayes<\/strong>, University of Florida, EEUU, abordar\u00e1 el tema de la seguridad en arenas, estadios y eventos deportivos, tomando en cuenta fen\u00f3menos pasados y recientes (terrorismo, violencia, accidentes masivos y protestas sociales).<strong><\/strong><\/li>\n<li><strong>Gianni Valenti, <\/strong><em>La Gazzetta dello Sport<\/em>, Italia, se enfocar\u00e1 en los nuevos rasgos de la prensa deportiva en tiempos de internet y redes sociales.<\/li>\n<li><strong>Luiz Fernando Gomes, <\/strong><em>LANCE!<\/em>, Brasil, compartir\u00e1 una experiencia exitosa de la publicaci\u00f3n y explicar\u00e1 c\u00f3mo \u00e9sta se prepara para la cobertura de la Copa Mundial de F\u00fatbol 2014.<\/li>\n<li><strong>Ezequiel Fern\u00e1ndez<\/strong>, <em>La Naci\u00f3n<\/em>, Buenos Aires, Argentina. Abordar\u00e1 la importancia de la investigaci\u00f3n para mantener un nivel de excelencia en el producto period\u00edstico.<\/li>\n<li><strong>Andr\u00e9s del Brutto, <\/strong><em>El Gr\u00e1fico<\/em>, Chile, presentar\u00e1 la experiencia chilena de una publicaci\u00f3n deportiva gratuita, distribuida por tres soportes: diario impreso, diario digital y revista mensual.<\/li>\n<li><strong>Francisco Cairo<\/strong>, <em>P.21<\/em>, Per\u00fa, explicar\u00e1 c\u00f3mo es posible lograr una cobertura m\u00faltiple, resultado de un esfuerzo conjunto entre un diario serio y otro popular.<\/li>\n<li><strong>Daniel Titinger y Franklin Rodr\u00edguez<\/strong>, <em>Depor<\/em>, Per\u00fa, describir\u00e1n las caracter\u00edsticas del mercado juvenil en Per\u00fa y los esfuerzos por conquistar a un grupo social creciente e influyente.<\/li>\n<\/ul>\n<p><strong>QUI\u00c9N DEBE ASISTIR:<\/strong> Ejecutivos y editores dedicados a la cobertura informativa del deporte, sea en diarios deportivos o en las secciones de Deportes de los peri\u00f3dicos, as\u00ed como aquellos ejecutivos y editores interesados en lanzar una publicaci\u00f3n deportiva digital o impresa.<\/p>\n<p><strong>LUGAR:<\/strong> Crowne Plaza Hotel, en Miraflores, Lima<em>.<\/em> El formulario de inscripci\u00f3n ofrece informaci\u00f3n sobre las tarifas de alojamiento y las instrucciones para reservar habitaci\u00f3n.<br \/>\n<strong><\/strong><br \/>\n<strong>INSCRIPCI\u00d3N:<\/strong> Por favor, consulte el formulario de inscripci\u00f3n y rem\u00edtalo a Alfonso Ju\u00e1rez, coordinador de Log\u00edstica del Instituto de Prensa, por fax al (305) 635-2272 o por correo electr\u00f3nico a <a href=\"mailto:ajuarez@sipiapa.org\" target=\"_blank\">ajuarez@sipiapa.org<\/a>. Para mayor informaci\u00f3n, consultar <a href=\"http:\/\/r20.rs6.net\/tn.jsp?e=0018G4cam2upCWxAAqgfG2Nq5jsrhtdnPMlXUKVfNptlc9ye-Iq2wCyi-EKt4x7sVXl3nIF374cnMZoekvb8-76S8p7N20ZpBNsJZ6WfQKrER-ShGw314wNTobmX1tSyyNp\" target=\"_blank\">www.institutodeprensa.com<\/a> o llamar al (305) 634-2465.<\/p>\n<p><a href=\"http:\/\/r20.rs6.net\/tn.jsp?e=0018G4cam2upCXepO2PdKAcyCCZErY8eIz5h76cS4a75vZ4lFT3gy4E2GG383GFhDXAn09eaAobnthIyj_bcgewE_4dNIltga0KU-NP679Gcf9w9Z70vgDAE9E8ve7aW_NdQBdOxBGIyzdWuCsrpzYV1g==\" target=\"_blank\">DESCARGUE FORMULARIO DE INSCRIPCI\u00d3N<\/a><\/p>\n<p><a href=\"http:\/\/r20.rs6.net\/tn.jsp?e=0018G4cam2upCXm1ZczZ2n4Tb-jYSgdYV7NkrG93gN6tonx8qrkeCAPID33tQospehy7IJnjhdPuHUErnaFZo_FWrIYZifOjivPoWHOUT_fAwi9jkfOkc87a_AmZw_TRuVdQStA1fyqbpY_UyxAz3AiOE7G282fYHft\" target=\"_blank\">DESCARGUE PROGRAMA<\/a><\/td>\n<\/tr>\n<\/tbody>\n<\/table>\n","protected":false},"excerpt":{"rendered":"<p>El Instituto de Prensa de la SIP convoca al II Encuentro de Periodismo Deportivo de las Am\u00e9ricas Lima, Per\u00fa, 17 y 18 de septiembre del 2013 \u00a1INSCR\u00cdBASE YA! Ya nos separan pocos d\u00edas del encuentro de Lima, donde se reunir\u00e1n representantes de la prensa deportiva latinoamericana y destacados conferencistas de Estados Unidos y Europa. La [&hellip;]<\/p>\n","protected":false},"author":2,"featured_media":0,"comment_status":"open","ping_status":"open","sticky":false,"template":"","format":"standard","meta":{"_links_to":"","_links_to_target":""},"categories":[11],"tags":[],"_links":{"self":[{"href":"https:\/\/www.r2cpress.com.br\/v1\/wp-json\/wp\/v2\/posts\/71750"}],"collection":[{"href":"https:\/\/www.r2cpress.com.br\/v1\/wp-json\/wp\/v2\/posts"}],"about":[{"href":"https:\/\/www.r2cpress.com.br\/v1\/wp-json\/wp\/v2\/types\/post"}],"author":[{"embeddable":true,"href":"https:\/\/www.r2cpress.com.br\/v1\/wp-json\/wp\/v2\/users\/2"}],"replies":[{"embeddable":true,"href":"https:\/\/www.r2cpress.com.br\/v1\/wp-json\/wp\/v2\/comments?post=71750"}],"version-history":[{"count":3,"href":"https:\/\/www.r2cpress.com.br\/v1\/wp-json\/wp\/v2\/posts\/71750\/revisions"}],"predecessor-version":[{"id":71753,"href":"https:\/\/www.r2cpress.com.br\/v1\/wp-json\/wp\/v2\/posts\/71750\/revisions\/71753"}],"wp:attachment":[{"href":"https:\/\/www.r2cpress.com.br\/v1\/wp-json\/wp\/v2\/media?parent=71750"}],"wp:term":[{"taxonomy":"category","embeddable":true,"href":"https:\/\/www.r2cpress.com.br\/v1\/wp-json\/wp\/v2\/categories?post=71750"},{"taxonomy":"post_tag","embeddable":true,"href":"https:\/\/www.r2cpress.com.br\/v1\/wp-json\/wp\/v2\/tags?post=71750"}],"curies":[{"name":"wp","href":"https:\/\/api.w.org\/{rel}","templated":true}]}}