{"id":71754,"date":"2013-09-12T10:20:23","date_gmt":"2013-09-12T13:20:23","guid":{"rendered":"http:\/\/www.r2cpress.com.br\/v1\/?p=71754"},"modified":"2013-09-12T10:20:23","modified_gmt":"2013-09-12T13:20:23","slug":"heckel-januario-em-o-problema","status":"publish","type":"post","link":"https:\/\/www.r2cpress.com.br\/v1\/2013\/09\/12\/heckel-januario-em-o-problema\/","title":{"rendered":"Heckel Janu\u00e1rio em: O PROBLEMA"},"content":{"rendered":"<p><img loading=\"lazy\" class=\"alignleft\" alt=\"\" src=\"http:\/\/www.r2cpress.com.br\/v1\/wp-content\/uploads\/HECKEL-NOVA.jpg\" width=\"300\" height=\"129\" \/>Para a na\u00e7\u00e3o mais \u201cdemocr\u00e1tica\u201d do planeta, os EUA, os seus interesses est\u00e3o acima de tudo, mesmo nos casos em que implique rela\u00e7\u00e3o de conjunto.<\/p>\n<p>Digo esses de car\u00e1ter internacional ou que podem envolver este direito, como a bisbilhotagem em 2012 da vida da presidente Dilma, seus assessores pr\u00f3ximos e de \u00f3rg\u00e3os nacionais pelo seu servi\u00e7o secreto de intelig\u00eancia atrav\u00e9s da internet, configurada <b>\u2013<\/b>por ser fora do \u201cvale tudo\u201d de uma guerra<b>\u2013<\/b> uma viola\u00e7\u00e3o \u00e0 soberania brasileira. E as provas s\u00e3o os documentos apresentados pelo ex-analista Edward Sinowden (o funcion\u00e1rio da Cia que abriu o bico nos notici\u00e1rios e \u00e9 procurado pelo governo americano) revelando os EUA violarem \u201csegredos comerciais\u201d, inclusive sobre petr\u00f3leo e energia. Cen\u00e1rio este, motivo no in\u00edcio, do destaque entre aspas de seu regime.<\/p>\n<p>E que me levou \u00e0 su\u00ed\u00e7a Abiah Reuter, forte empres\u00e1ria no ramo de coco, cacau e pia\u00e7ava em Belmonte, de quem se dizia ter contacto por ocasi\u00e3o da 2\u00aa Guerra Mundial com submarinos alem\u00e3es nas proximidades de Mogiqui\u00e7aba, distrito deste munic\u00edpio e, \u00e0 conversa que os americanos atacavam barcos mercantes brasileiros para for\u00e7ar o Brasil entrar nesse conflito.<\/p>\n<p><!--more--><\/p>\n<p>Duvidei da primeira oitiva e da outra n\u00e3o aceitei verdadeira por achar recheada de absurdo, apesar do apelo de \u201cguerra \u00e9 guerra\u201d da \u00e9poca.\u00a0 Mais tarde, por\u00e9m o Efeito Laranja no Vietn\u00e3, as bombas de Hiroshima\u00a0e Nagasaki etc., etc., foram fazendo minha cabe\u00e7a. Contudo, aberta, como se diz, n\u00e3o se prendeu ao antiamericanismo como simples contrapor do anticomunismo da direitona careta, nem tampouco se radicalizou contra o mercado, embora jamais o liberal sistema como solucionador de problemas sociais convencesse os neur\u00f4nios. A atual proposta de ataque a S\u00edria sem uma conversinha preliminar com as aliadas e o violentar recente de nossa intimidade, e ainda seus m\u00e9todos e a prepot\u00eancia, n\u00e3o deixam d\u00favidas.<\/p>\n<p>Sim, um dos documentos de Edward merece o registro: diz da preocupa\u00e7\u00e3o norte-americana com o crescimento do Brasil a ponto de externar se o tem como um amigo, inimigo ou como um problema. O tupiniquim aqui se arroga dizer que o xis do quesito cabe na terceira op\u00e7\u00e3o, as outras duas s\u00e3o para enganar a torcida. Explicando descarto a primeira porque s\u00f3 quando atrapalham seus planos os americanos n\u00e3o hesitam em afundar um barquinho indefeso; inimigo n\u00e3o vem ao fato haja vista o tratamento adotado por eles e conhecido de todo o mundo: a porrada. \u00a0Parece-me na verdade <b>\u2013<\/b>como\u00a0 de muito eles t\u00eam consci\u00eancia da fragilidade moral do pol\u00edtico daqui<b>\u2013<\/b>, o que aflige a poderosa na\u00e7\u00e3o n\u00e3o est\u00e1 nesse aumento da capacidade produtiva, mas na corrup\u00e7\u00e3o, corrup\u00e7\u00e3o dos pol\u00edticos que pode contaminar os de l\u00e1, ou seja, o problema \u00e9 o problema de contamina\u00e7\u00e3o. Al\u00e9m disso, levando-se em considera\u00e7\u00e3o que uma na\u00e7\u00e3o \u00e9 sua representa\u00e7\u00e3o pol\u00edtica ao longo do tempo, o problema se agrava em raz\u00e3o da corrup\u00e7\u00e3o ter sido <b>\u2013<\/b>com a experi\u00eancia e credibilidade adquiridas<b>\u2013<\/b>, institucionalizada. \u00a0(Note bem neste espa\u00e7o aberto que o presidente Obama, o \u201ccara\u201d, pretende diplomaticamente esclarecer o ocorrido, conforme a nossa mandat\u00e1ria fez quest\u00e3o de divulgar da reuni\u00e3o do G-20. Mas que n\u00e3o fique desta feita s\u00f3 na diplomacia e t\u00e3o somente!).<\/p>\n<p>Com uma tecnologia capaz de penetrar tranquila e calma nas entranhas alheias e, sabedores de que no territ\u00f3rio verde-amarelo os neg\u00f3cios dos pol\u00edticos s\u00e3o, via de regra sobrepostos, contrariamente ao \u201cacima de tudo\u201d do pre\u00e2mbulo, \u00e9 redundante, mas \u00e9 preciso refor\u00e7ar que os americanos sabem timtim por timtim dos nossos sofr\u00edveis incorrupt\u00edveis e da for\u00e7a da maioria corrupta. Por outro lado, ora, astutos e cientes do poderio como s\u00e3o, n\u00e3o \u00e9 de se estranhar que no fundo desejem e aplaudam <b>\u2013<\/b>usando da artimanha para nos confundir<b>\u2013<\/b> um Brasil de pol\u00edticos corruptos, pois a submiss\u00e3o torna-se f\u00e1cil!<\/p>\n<p>Heckel Janu\u00e1rio<\/p>\n<p>&nbsp;<\/p>\n<p>&nbsp;<\/p>\n","protected":false},"excerpt":{"rendered":"<p>Para a na\u00e7\u00e3o mais \u201cdemocr\u00e1tica\u201d do planeta, os EUA, os seus interesses est\u00e3o acima de tudo, mesmo nos casos em que implique rela\u00e7\u00e3o de conjunto. Digo esses de car\u00e1ter internacional ou que podem envolver este direito, como a bisbilhotagem em 2012 da vida da presidente Dilma, seus assessores pr\u00f3ximos e de \u00f3rg\u00e3os nacionais pelo seu [&hellip;]<\/p>\n","protected":false},"author":2,"featured_media":0,"comment_status":"open","ping_status":"open","sticky":false,"template":"","format":"standard","meta":{"_links_to":"","_links_to_target":""},"categories":[10],"tags":[],"_links":{"self":[{"href":"https:\/\/www.r2cpress.com.br\/v1\/wp-json\/wp\/v2\/posts\/71754"}],"collection":[{"href":"https:\/\/www.r2cpress.com.br\/v1\/wp-json\/wp\/v2\/posts"}],"about":[{"href":"https:\/\/www.r2cpress.com.br\/v1\/wp-json\/wp\/v2\/types\/post"}],"author":[{"embeddable":true,"href":"https:\/\/www.r2cpress.com.br\/v1\/wp-json\/wp\/v2\/users\/2"}],"replies":[{"embeddable":true,"href":"https:\/\/www.r2cpress.com.br\/v1\/wp-json\/wp\/v2\/comments?post=71754"}],"version-history":[{"count":2,"href":"https:\/\/www.r2cpress.com.br\/v1\/wp-json\/wp\/v2\/posts\/71754\/revisions"}],"predecessor-version":[{"id":71756,"href":"https:\/\/www.r2cpress.com.br\/v1\/wp-json\/wp\/v2\/posts\/71754\/revisions\/71756"}],"wp:attachment":[{"href":"https:\/\/www.r2cpress.com.br\/v1\/wp-json\/wp\/v2\/media?parent=71754"}],"wp:term":[{"taxonomy":"category","embeddable":true,"href":"https:\/\/www.r2cpress.com.br\/v1\/wp-json\/wp\/v2\/categories?post=71754"},{"taxonomy":"post_tag","embeddable":true,"href":"https:\/\/www.r2cpress.com.br\/v1\/wp-json\/wp\/v2\/tags?post=71754"}],"curies":[{"name":"wp","href":"https:\/\/api.w.org\/{rel}","templated":true}]}}