{"id":71766,"date":"2013-09-12T14:25:28","date_gmt":"2013-09-12T17:25:28","guid":{"rendered":"http:\/\/www.r2cpress.com.br\/v1\/?p=71766"},"modified":"2013-09-12T14:25:28","modified_gmt":"2013-09-12T17:25:28","slug":"bispo-de-ilheus-aceita-convite-para-mediar-impasse","status":"publish","type":"post","link":"https:\/\/www.r2cpress.com.br\/v1\/2013\/09\/12\/bispo-de-ilheus-aceita-convite-para-mediar-impasse\/","title":{"rendered":"Bispo de Ilh\u00e9us aceita convite para mediar impasse"},"content":{"rendered":"<p align=\"center\"><strong><i>O convite foi realizado pelo prefeito Jabes Ribeiro, \u00a0na manh\u00e3 desta quinta-feira dia 12, que tamb\u00e9m apresentou o quadro financeiro e administrativo de Ilh\u00e9us e entregou uma s\u00e9rie de documentos e planilhas com os dados e n\u00fameros oficiais ao bispo diocesano.<\/i><\/strong><\/p>\n<div id=\"attachment_71767\" style=\"width: 610px\" class=\"wp-caption aligncenter\"><a href=\"http:\/\/www.r2cpress.com.br\/v1\/wp-content\/uploads\/Reuni\u00e3o-com-Dom-Mauro-Montagnoli-foto-Gidelzo-Silva-Secom-Ilh\u00e9us-12.09.13-6.jpg\"><img aria-describedby=\"caption-attachment-71767\" loading=\"lazy\" class=\"size-full wp-image-71767\" alt=\"Reuni\u00e3o com Dom Mauro Montagnoli foto Gidelzo Silva-Secom Ilh\u00e9us 12.09.13.\" src=\"http:\/\/www.r2cpress.com.br\/v1\/wp-content\/uploads\/Reuni\u00e3o-com-Dom-Mauro-Montagnoli-foto-Gidelzo-Silva-Secom-Ilh\u00e9us-12.09.13-6.jpg\" width=\"600\" height=\"340\" srcset=\"https:\/\/www.r2cpress.com.br\/v1\/wp-content\/uploads\/Reuni\u00e3o-com-Dom-Mauro-Montagnoli-foto-Gidelzo-Silva-Secom-Ilh\u00e9us-12.09.13-6.jpg 600w, https:\/\/www.r2cpress.com.br\/v1\/wp-content\/uploads\/Reuni\u00e3o-com-Dom-Mauro-Montagnoli-foto-Gidelzo-Silva-Secom-Ilh\u00e9us-12.09.13-6-300x170.jpg 300w\" sizes=\"(max-width: 600px) 100vw, 600px\" \/><\/a><p id=\"caption-attachment-71767\" class=\"wp-caption-text\">Reuni\u00e3o com Dom Mauro Montagnoli foto Gidelzo Silva-Secom Ilh\u00e9us 12.09.13.<\/p><\/div>\n<p>O bispo diocesano de Ilh\u00e9us, Dom Mauro Montagnoli, aceitou o convite que lhe foi feito pelo prefeito Jabes Ribeiro para que atue como mediador nos impasses que est\u00e3o paralisando parcialmente a presta\u00e7\u00e3o dos servi\u00e7os p\u00fablicos no munic\u00edpio e prejudicando diretamente a popula\u00e7\u00e3o, especialmente os segmentos mais carentes, e as atividades produtivas, como \u00e9 o caso do com\u00e9rcio. \u00a0O convite do prefeito levou em considera\u00e7\u00e3o a credibilidade do bispo, como religioso e cidad\u00e3o preocupado com a situa\u00e7\u00e3o em que se encontra o munic\u00edpio, e aconteceu durante um encontro na Diocese, na manh\u00e3 desta quinta-feira, dia 12, quando Jabes Ribeiro fez uma explana\u00e7\u00e3o do quadro financeiro e administrativo de Ilh\u00e9us e entregou uma s\u00e9rie de documentos e planilhas com os dados e n\u00fameros oficiais.<\/p>\n<p><!--more--><\/p>\n<p>Dom Mauro, depois de ouvir atentamente a explana\u00e7\u00e3o do prefeito e concordar com a gravidade da situa\u00e7\u00e3o, disse que, como j\u00e1 havia manifestado em outros momentos, encontra-se muito interessado em contribuir para a supera\u00e7\u00e3o da crise, envolvendo a greve decretada pelos sindicatos que representam os servidores municipais, que tem servido para agravar as dificuldades financeiras do munic\u00edpio. \u201cEstou disposto, sim, a fazer esta media\u00e7\u00e3o\u201d, afirmou o bispo, acrescentando: \u201cColoco-me \u00e0 disposi\u00e7\u00e3o para participar de qualquer encontro destinado a buscar uma sa\u00edda e espero poder colaborar para que Ilh\u00e9us e sua popula\u00e7\u00e3o saiam desse impasse, dentro do entendimento de que a cidade \u00e9 de todos n\u00f3s\u201d.<\/p>\n<p>Acompanhado do procurador geral Ot\u00e1vio Augustus Carmo e dos secret\u00e1rios de Administra\u00e7\u00e3o, Ricardo Machado, e de Comunica\u00e7\u00e3o, Paix\u00e3o Barbosa, o prefeito agradeceu a compreens\u00e3o demonstrada por Dom Mauro e tamb\u00e9m o seu interesse em contribuir para que Ilh\u00e9us encontre uma sa\u00edda capaz de fazer o munic\u00edpio retomar os caminhos do desenvolvimento econ\u00f4mico e social, para que a Prefeitura possa prestar da melhor forma poss\u00edvel os servi\u00e7os essenciais \u00e0 popula\u00e7\u00e3o. \u201c\u00c9 preciso compreender que o problema n\u00e3o \u00e9 s\u00f3 do prefeito, mas sim de todo o munic\u00edpio\u201d, observou Jabes Ribeiro. \u201cE \u00e9 fundamental que todos os setores que t\u00eam compromissos com nossa cidade, como \u00e9 o caso da Igreja, contribuem e ajudem neste processo\u201d, acrescentou o prefeito.<\/p>\n<p>Ele lembrou que foi justamente a compreens\u00e3o de que a administra\u00e7\u00e3o municipal sozinha n\u00e3o t\u00eam condi\u00e7\u00f5es objetivas de superar a grave crise, que o levou a convidar a sociedade civil organizada para firmar o Pacto Por Ilh\u00e9us. \u201cO Pacto visa exatamente obter de toda a sociedade civil organizada este n\u00edvel de compreens\u00e3o e de comprometimento que Dom Mauro e a Igreja est\u00e3o tendo, neste grave momento da vida do nosso munic\u00edpio\u201d, afirmou o prefeito.<\/p>\n<p>&nbsp;<\/p>\n","protected":false},"excerpt":{"rendered":"<p>O convite foi realizado pelo prefeito Jabes Ribeiro, \u00a0na manh\u00e3 desta quinta-feira dia 12, que tamb\u00e9m apresentou o quadro financeiro e administrativo de Ilh\u00e9us e entregou uma s\u00e9rie de documentos e planilhas com os dados e n\u00fameros oficiais ao bispo diocesano. O bispo diocesano de Ilh\u00e9us, Dom Mauro Montagnoli, aceitou o convite que lhe foi [&hellip;]<\/p>\n","protected":false},"author":2,"featured_media":0,"comment_status":"open","ping_status":"open","sticky":false,"template":"","format":"standard","meta":{"_links_to":"","_links_to_target":""},"categories":[23],"tags":[],"_links":{"self":[{"href":"https:\/\/www.r2cpress.com.br\/v1\/wp-json\/wp\/v2\/posts\/71766"}],"collection":[{"href":"https:\/\/www.r2cpress.com.br\/v1\/wp-json\/wp\/v2\/posts"}],"about":[{"href":"https:\/\/www.r2cpress.com.br\/v1\/wp-json\/wp\/v2\/types\/post"}],"author":[{"embeddable":true,"href":"https:\/\/www.r2cpress.com.br\/v1\/wp-json\/wp\/v2\/users\/2"}],"replies":[{"embeddable":true,"href":"https:\/\/www.r2cpress.com.br\/v1\/wp-json\/wp\/v2\/comments?post=71766"}],"version-history":[{"count":3,"href":"https:\/\/www.r2cpress.com.br\/v1\/wp-json\/wp\/v2\/posts\/71766\/revisions"}],"predecessor-version":[{"id":71770,"href":"https:\/\/www.r2cpress.com.br\/v1\/wp-json\/wp\/v2\/posts\/71766\/revisions\/71770"}],"wp:attachment":[{"href":"https:\/\/www.r2cpress.com.br\/v1\/wp-json\/wp\/v2\/media?parent=71766"}],"wp:term":[{"taxonomy":"category","embeddable":true,"href":"https:\/\/www.r2cpress.com.br\/v1\/wp-json\/wp\/v2\/categories?post=71766"},{"taxonomy":"post_tag","embeddable":true,"href":"https:\/\/www.r2cpress.com.br\/v1\/wp-json\/wp\/v2\/tags?post=71766"}],"curies":[{"name":"wp","href":"https:\/\/api.w.org\/{rel}","templated":true}]}}