{"id":7177,"date":"2011-01-22T08:09:24","date_gmt":"2011-01-22T11:09:24","guid":{"rendered":"http:\/\/www.r2cpress.com.br\/v1\/?p=7177"},"modified":"2011-01-22T08:09:24","modified_gmt":"2011-01-22T11:09:24","slug":"movimento-dignidade-aos-aposentados-e-trabalhadores-do-brasil","status":"publish","type":"post","link":"https:\/\/www.r2cpress.com.br\/v1\/2011\/01\/22\/movimento-dignidade-aos-aposentados-e-trabalhadores-do-brasil\/","title":{"rendered":"Movimento Dignidade aos Aposentados e Trabalhadores do Brasil"},"content":{"rendered":"<p><strong>Movimento Dignidade aos Aposentados e Trabalhadores do Brasil<\/strong><\/p>\n<p>              S\u00e3o Paulo, 20 de janeiro de 2010.<\/p>\n<p>Brasil. . .  dignidade!<\/p>\n<p>H\u00e1 alguns dias atr\u00e1s, fomos mais uma vez comtemplados pela sanha incompreens\u00edvel de ver tratar a Previd\u00eancia Social brasileira como a \u201cm\u00e3e dos males das contas p\u00fablicas\u201d brasileiras. Chamaram-na de \u201cabacaxi\u201d, e assim se esmerou a revista Veja, e sem perder a toada surge mais uma vez a jornalista Miriam Leit\u00e3o. Aludiu-se a uma presum\u00edvel coloca\u00e7\u00e3o da c\u00fapula do PMDB, ou do Ministro Garibaldi Alves. Creio eu, que poderiam e deveriam falar do imbu, e explico por que.<\/p>\n<p>O imbu \u00e9 uma das frutas t\u00edpicas do nordeste brasileiro, por conseguinte do Brasil. Possui excelentes qualidades nutritivas e por isso Euclides da Cunha chamava o imbuzeiro &#8220;a \u00e1rvore sagrada do sert\u00e3o&#8221;. Caracter\u00edstica da caatinga chega at\u00e9 cinco metros de altura, altamente resistente \u00e0 seca, e al\u00e9m de seus frutos as ra\u00edzes armazenam \u00e1gua que tanta sede aplacou. O imbu pode ser menos conhecido, mas \u00e9 tipicamente brasileiro tal qual outras quest\u00f5es que s\u00f3 aqui encontramos.<\/p>\n<p>Vide o Regime Previdenci\u00e1rio do setor privado. T\u00eam agregado a si o Sistema de Seguridade e Assist\u00eancia Social da na\u00e7\u00e3o; e no frigir dos ovos, quem contribuiu n\u00e3o tem os mesmo direitos de quem nunca contribuiu. Pior do que isso, e tamb\u00e9m s\u00f3 no Brasil, existe o Regime Previdenci\u00e1rio para os servidores p\u00fablicos, o RPPS \u2013 os cidad\u00e3os de primeira classe. Estes gozam de benesses sem igual no cen\u00e1rio previdenci\u00e1rio mundial. \u00c9 um Regime t\u00e3o incongruente que reforma previdenci\u00e1ria alguma o salvaria. Seria necess\u00e1ria uma \u201cimplos\u00e3o\u201d e posterior reconstru\u00e7\u00e3o desde os alicerces, e sem utilizar uma \u00fanica pedra do Regime antigo. N\u00e3o me surpreenderia se o site Wikileaks divulga-se que algum ex-servidor p\u00fablico chegou a ser promovido por m\u00e9rito durante sua aposentadoria.<\/p>\n<p><!--more--><\/p>\n<p>E a nossa classe pol\u00edtica? Invej\u00e1vel! \u201cO\u2019 concur\u201d!  Uma legi\u00e3o \u00edmpar de brasileiros verdadeiramente abnegados pelo seu povo. Sabe l\u00e1 o que \u00e9 ser brasileiro e eleitor, afinal qualquer um pode votar por aqui e qui\u00e7\u00e1 mais de uma vez; e assim poder falar com aquela alegria j\u00e1 nauseante que nos brindam como o pa\u00eds do futebol &#8211; que n\u00f3s sustentamos deputados como o Tiririca e com sal\u00e1rios maiores do que os deputados americanos, franceses, alem\u00e3es e todos estes s\u00e3o alfabetizados!<\/p>\n<p>Frustrante \u00e9 constatar este povo, &#8211; um misto de mansid\u00e3o bovina e desleixo c\u00edvico que acata o desrespeito com que as autoridades agem diuturnamente. Estas, depois de mais de 700 mortos s\u00f3 este m\u00eas v\u00edtimas das chuvas, \u2018prometeram\u2019. . . que para 2014 teremos sistemas de alerta preventivos para chuvas fortes. Trata-se ainda de promessa, mas para a Copa-2014 est\u00e1 tudo certo, ent\u00e3o vamos esquecer os mortos e o sofrimento das fam\u00edlias; a falta dos filhos de pais de amigos e vizinhos que foram levados. \u00c0s chuvas, cabe a menor parte de culpa; a maior &#8211; est\u00e1 para com o desleixo daqueles que foram eleitos, e em pior inst\u00e2ncia ainda para com aqueles que os elegeram, os desleixados civicamente. Aceitar este fato (as mortes) como sendo obra do imponder\u00e1vel ou fat\u00eddico \u00e9 uma estupidez para com as vidas ceifadas e para com as fam\u00edlias flageladas.<\/p>\n<p>Igualmente \u00e9 estupidez, ou a fal\u00eancia de princ\u00edpios morais aqueles que tratam pejorativamente por \u201cabacaxi\u201d o meio de sustento de milh\u00f5es de fam\u00edlias, sejam eles quem forem.<\/p>\n<p>Na abertura dos trabalhos do Legislativo, discutir-se-\u00e1 a fixa\u00e7\u00e3o do valor do sal\u00e1rio m\u00ednimo; e em breve nova press\u00e3o para vota\u00e7\u00e3o dos PLs 4434\/08; 3299\/08 e 01\/07, todos de alto interesse a contribuintes e ex-contribuintes do RGPS (INSS). Postas estas quest\u00f5es, o ano mal inicia e o corporativismo j\u00e1 age contra a Previd\u00eancia diante da emin\u00eancia do fato de que o RGPS &#8211; URBANO dever\u00e1 ter seu saldo previdenci\u00e1rio -2010 &#8211; muito pr\u00f3ximo do equil\u00edbrio; fato este que redobrar\u00e1 os debates.<\/p>\n<p>Nossa a\u00e7\u00e3o dentro do Brasil Dignidade \u25ac Movimento Dignidade aos Aposentados e Trabalhadores do Brasil versa por interpor discernimento \u00e0 sociedade sobre a real situa\u00e7\u00e3o da Previd\u00eancia Social no Brasil. Entendemos que somente a retomada de consci\u00eancia poder\u00e1 despertar o interesse e a participa\u00e7\u00e3o ativa da na\u00e7\u00e3o em busca de direitos \u00e0 prote\u00e7\u00e3o social, em especial \u00e0queles que para isso contribu\u00edram compulsoriamente por d\u00e9cadas a fio aos cofres da Previd\u00eancia Social. S\u00e3o estes os contribuintes e ex-contribuintes do Regime Geral da Previd\u00eancia Social \u2013 RGPS os maiores prejudicados por aquilo que se convencionou chamar de \u201creformas da previd\u00eancia\u201d.<\/p>\n<p>         Buscando isso lan\u00e7amos nosso blog; e cuja t\u00f4nica ser\u00e1 de dispor aos nossos participantes e seguidores os nossos estudos e nossas respostas e manifesta\u00e7\u00f5es \u00e0queles que tratam a Previd\u00eancia como objeto ao equil\u00edbrio de contas p\u00fablicas ou at\u00e9 mesmo aos que a tratam como um \u201cabacaxi\u201d.<\/p>\n<p>         Em resposta a esta express\u00e3o \u201cchula\u201d convidamos os amigos a lerem a cr\u00f4nica sobre o que pensamos em rela\u00e7\u00e3o \u00e0s assertivas daqueles que n\u00e3o tratam a Previd\u00eancia com o devido respeito a que ela faz jus http:\/\/movimentobrasildignidade.blogspot.com\/      &#8211; Prud\u00eancia na Previd\u00eancia e louvor ao jornalismo s\u00e9rio.<\/p>\n<p>        Participe, responda a pesquisa e inscreva-se no blog do nosso Movimento.<br \/>\n       Oswaldo Colombo Filho<br \/>\n         Membro fundador<br \/>\n        Movimento Brasil Dignidade<br \/>\n    http:\/\/movimentobrasildignidade.blogspot.com\/<\/p>\n<p>&#8212;<br \/>\nEnviada por Ruy C.S.Mangueira<\/p>\n","protected":false},"excerpt":{"rendered":"<p>Movimento Dignidade aos Aposentados e Trabalhadores do Brasil S\u00e3o Paulo, 20 de janeiro de 2010. Brasil. . . dignidade! H\u00e1 alguns dias atr\u00e1s, fomos mais uma vez comtemplados pela sanha incompreens\u00edvel de ver tratar a Previd\u00eancia Social brasileira como a \u201cm\u00e3e dos males das contas p\u00fablicas\u201d brasileiras. Chamaram-na de \u201cabacaxi\u201d, e assim se esmerou a [&hellip;]<\/p>\n","protected":false},"author":2,"featured_media":0,"comment_status":"open","ping_status":"open","sticky":false,"template":"","format":"standard","meta":{"_links_to":"","_links_to_target":""},"categories":[10],"tags":[],"_links":{"self":[{"href":"https:\/\/www.r2cpress.com.br\/v1\/wp-json\/wp\/v2\/posts\/7177"}],"collection":[{"href":"https:\/\/www.r2cpress.com.br\/v1\/wp-json\/wp\/v2\/posts"}],"about":[{"href":"https:\/\/www.r2cpress.com.br\/v1\/wp-json\/wp\/v2\/types\/post"}],"author":[{"embeddable":true,"href":"https:\/\/www.r2cpress.com.br\/v1\/wp-json\/wp\/v2\/users\/2"}],"replies":[{"embeddable":true,"href":"https:\/\/www.r2cpress.com.br\/v1\/wp-json\/wp\/v2\/comments?post=7177"}],"version-history":[{"count":2,"href":"https:\/\/www.r2cpress.com.br\/v1\/wp-json\/wp\/v2\/posts\/7177\/revisions"}],"predecessor-version":[{"id":7179,"href":"https:\/\/www.r2cpress.com.br\/v1\/wp-json\/wp\/v2\/posts\/7177\/revisions\/7179"}],"wp:attachment":[{"href":"https:\/\/www.r2cpress.com.br\/v1\/wp-json\/wp\/v2\/media?parent=7177"}],"wp:term":[{"taxonomy":"category","embeddable":true,"href":"https:\/\/www.r2cpress.com.br\/v1\/wp-json\/wp\/v2\/categories?post=7177"},{"taxonomy":"post_tag","embeddable":true,"href":"https:\/\/www.r2cpress.com.br\/v1\/wp-json\/wp\/v2\/tags?post=7177"}],"curies":[{"name":"wp","href":"https:\/\/api.w.org\/{rel}","templated":true}]}}