{"id":71789,"date":"2013-09-13T09:53:28","date_gmt":"2013-09-13T12:53:28","guid":{"rendered":"http:\/\/www.r2cpress.com.br\/v1\/?p=71789"},"modified":"2013-09-13T09:53:28","modified_gmt":"2013-09-13T12:53:28","slug":"corpo-de-antonio-menezes-e-velado-na-camara","status":"publish","type":"post","link":"https:\/\/www.r2cpress.com.br\/v1\/2013\/09\/13\/corpo-de-antonio-menezes-e-velado-na-camara\/","title":{"rendered":"CORPO DE ANT\u00d4NIO MENEZES \u00c9 VELADO NA C\u00c2MARA"},"content":{"rendered":"<h2><a title=\"Permanent Link to CORPO DE ANT\u00d4NIO MENEZES \u00c9 VELADO NA C\u00c2MARA\" href=\"http:\/\/www.pimenta.blog.br\/2013\/09\/13\/corpo-de-antonio-menezes-e-velado-na-camara\/\" rel=\"bookmark\"> CORPO DE ANT\u00d4NIO MENEZES \u00c9 VELADO NA C\u00c2MARA<\/a><\/h2>\n<div><img loading=\"lazy\" alt=\"PostDateIcon\" src=\"http:\/\/www.pimenta.blog.br\/wp-content\/themes\/pimenta4\/images\/PostDateIcon.png\" width=\"18\" height=\"18\" \/> 13\/set\/2013 . 9:33 &#8211; PIMENTA<\/div>\n<p><a href=\"http:\/\/www.pimenta.blog.br\/wp-content\/uploads\/ant%C3%B4nio-menezes.jpg\" data-slb-group=\"135853\" data-slb-active=\"1\" data-slb-internal=\"0\"><img loading=\"lazy\" alt=\"Menezes faleceu ontem \u00e0 noite (Foto Alita).\" src=\"http:\/\/www.pimenta.blog.br\/wp-content\/uploads\/ant%C3%B4nio-menezes.jpg\" width=\"284\" height=\"177\" \/><\/a><\/p>\n<p>Menezes faleceu ontem \u00e0 noite (Foto Alita).<\/p>\n<p>O corpo do m\u00e9dico e ex-deputado estadual Ant\u00f4nio Menezes est\u00e1 sendo velado no plen\u00e1rio da C\u00e2mara de Vereadores de Itabuna. Menezes faleceu ontem \u00e0 noite (12), ap\u00f3s internado para ser submetido a cirurgia, no Hospital Calixto Midlej Filho (<a href=\"http:\/\/www.pimenta.blog.br\/2013\/09\/12\/morre-o-medico-antonio-menezes\/\" target=\"_blank\">confira aqui<\/a>).<\/p>\n<p>Nestes primeiros momentos do vel\u00f3rio, est\u00e3o no plen\u00e1rio do legislativo a esposa do m\u00e9dico, Margarida, e familiares.<\/p>\n<p>Ant\u00f4nio Menezes era m\u00e9dico ortopedista, agropecuarista, ex-deputado estadual e ex-membro do Conselho Municipal de Sa\u00fade de Itabuna. Ele sofria h\u00e1 alguns anos de uma doen\u00e7a degenerativa e morreu aos 72 anos. O enterro est\u00e1 marcado para as 16h de hoje, no Cemit\u00e9rio Campo Santo, em Itabuna.<\/p>\n<p><strong>No PIMENTA<\/strong><\/p>\n<p><strong>http:\/\/www.pimenta.blog.br\/2013\/09\/13\/corpo-de-antonio-menezes-e-velado-na-camara\/<\/strong><\/p>\n","protected":false},"excerpt":{"rendered":"<p>CORPO DE ANT\u00d4NIO MENEZES \u00c9 VELADO NA C\u00c2MARA 13\/set\/2013 . 9:33 &#8211; PIMENTA Menezes faleceu ontem \u00e0 noite (Foto Alita). O corpo do m\u00e9dico e ex-deputado estadual Ant\u00f4nio Menezes est\u00e1 sendo velado no plen\u00e1rio da C\u00e2mara de Vereadores de Itabuna. Menezes faleceu ontem \u00e0 noite (12), ap\u00f3s internado para ser submetido a cirurgia, no Hospital [&hellip;]<\/p>\n","protected":false},"author":2,"featured_media":0,"comment_status":"open","ping_status":"open","sticky":false,"template":"","format":"standard","meta":{"_links_to":"","_links_to_target":""},"categories":[1],"tags":[],"_links":{"self":[{"href":"https:\/\/www.r2cpress.com.br\/v1\/wp-json\/wp\/v2\/posts\/71789"}],"collection":[{"href":"https:\/\/www.r2cpress.com.br\/v1\/wp-json\/wp\/v2\/posts"}],"about":[{"href":"https:\/\/www.r2cpress.com.br\/v1\/wp-json\/wp\/v2\/types\/post"}],"author":[{"embeddable":true,"href":"https:\/\/www.r2cpress.com.br\/v1\/wp-json\/wp\/v2\/users\/2"}],"replies":[{"embeddable":true,"href":"https:\/\/www.r2cpress.com.br\/v1\/wp-json\/wp\/v2\/comments?post=71789"}],"version-history":[{"count":4,"href":"https:\/\/www.r2cpress.com.br\/v1\/wp-json\/wp\/v2\/posts\/71789\/revisions"}],"predecessor-version":[{"id":71793,"href":"https:\/\/www.r2cpress.com.br\/v1\/wp-json\/wp\/v2\/posts\/71789\/revisions\/71793"}],"wp:attachment":[{"href":"https:\/\/www.r2cpress.com.br\/v1\/wp-json\/wp\/v2\/media?parent=71789"}],"wp:term":[{"taxonomy":"category","embeddable":true,"href":"https:\/\/www.r2cpress.com.br\/v1\/wp-json\/wp\/v2\/categories?post=71789"},{"taxonomy":"post_tag","embeddable":true,"href":"https:\/\/www.r2cpress.com.br\/v1\/wp-json\/wp\/v2\/tags?post=71789"}],"curies":[{"name":"wp","href":"https:\/\/api.w.org\/{rel}","templated":true}]}}