{"id":71800,"date":"2013-09-13T11:32:57","date_gmt":"2013-09-13T14:32:57","guid":{"rendered":"http:\/\/www.r2cpress.com.br\/v1\/?p=71800"},"modified":"2013-09-13T11:32:57","modified_gmt":"2013-09-13T14:32:57","slug":"ceplac-cede-imovel-para-instalacao-de-comando-tatico-da-pm","status":"publish","type":"post","link":"https:\/\/www.r2cpress.com.br\/v1\/2013\/09\/13\/ceplac-cede-imovel-para-instalacao-de-comando-tatico-da-pm\/","title":{"rendered":"Ceplac cede im\u00f3vel para instala\u00e7\u00e3o de Comando T\u00e1tico da PM"},"content":{"rendered":"<p>Um acordo entre a Ceplac e a Pol\u00edcia Militar do Estado da Bahia, firmado no \u00faltimo dia 28 de agosto, vai permitir a instala\u00e7\u00e3o da sede da Companhia Independente de Policiamento T\u00e1tico \u2013 CIPT\/RONDESP-SUL. O comando usar\u00e1 o im\u00f3vel onde funcionava a antiga casa do cientista Paulo Alvim, localizada no Km-22 da Rodovia Ilh\u00e9us\/Itabuna.<\/p>\n<div>\n<div>\n<div>\n<div>\n<div>\n<div>\n<div style=\"width: 460px\" class=\"wp-caption aligncenter\"><img loading=\"lazy\" title=\"CEPLAC\" alt=\"CEPLAC\" src=\"http:\/\/mail.google.com\/a\/globo.com\/?ui=2&amp;ik=4b218c2d2f&amp;view=att&amp;th=14117a9e92d45938&amp;attid=0.1&amp;disp=emb&amp;zw&amp;atsh=1\" width=\"450\" height=\"299\" \/><p class=\"wp-caption-text\">CEPLAC<\/p><\/div>\n<p>A solenidade de assinatura do contrato de cess\u00e3o aconteceu no audit\u00f3rio do Escrit\u00f3rio da Ceplac em Ilh\u00e9us, durante a realiza\u00e7\u00e3o do I Simp\u00f3sio de Comercializa\u00e7\u00e3o de Cacau, com as presen\u00e7as do superintendente da Ceplac, Juvenal Maynart, e do comandante do Policiamento da Regi\u00e3o Sul (CPRS), Coronel Antonio Jos\u00e9 Barbosa Reis.<\/p>\n<p><!--more--><\/p>\n<p>Juvenal Maynart justificou a parceria enfatizando que \u201ca presen\u00e7a do comando nas proximidades da nossa sede regional vai nos trazer mais seguran\u00e7a para toda a \u00e1rea\u201d. Ele tamb\u00e9m anotou que se trata de uma a\u00e7\u00e3o estrat\u00e9gica de sua gest\u00e3o em rela\u00e7\u00e3o a garantir seguran\u00e7a numa \u00e1rea em que, em breve, abrigar\u00e1 equipamentos p\u00fablicos como o Parque Tecnol\u00f3gico da Ceplac, que vai atrair milhares de visitantes diareamente, entre estudantes, pesquisadores e empreendedores.<\/p>\n<p>Em sua mensagem de agradecimento, o coronel Antonio Jos\u00e9 Barbosa Reis fez quest\u00e3o de registrar que n\u00e3o \u00e9 a primeira vez que a Ceplac apoia a Policia Militar. \u201cA Ceplac sempre se constituiu numa de nossas grandes parceiras e mais uma vez ela est\u00e1 ratificando essa postura. Esse compromisso com a comunidade, indo al\u00e9m das suas atribui\u00e7\u00f5es naturais, \u00e9 uma demonstra\u00e7\u00e3o de maturidade e sensibilidade com as causas regionais\u201d.<\/p>\n<p>O coronel Reis ponderou ainda que hoje n\u00e3o se faz seguran\u00e7a s\u00f3 com a pol\u00edcia, sem parcerias. \u201c\u00c9 preciso que toda a comunidade esteja imbu\u00edda da sua responsabilidade\u201d. Em suas palavras, a parceria da Ceplac n\u00e3o \u00e9 novidade para a pol\u00edcia militar nem para a regi\u00e3o: \u201cEla \u00e9 e sempre foi nossa grande parceira, com a sua fun\u00e7\u00e3o social na regi\u00e3o cacaueira. Est\u00e1 mais uma vez dando esse exemplo, cedendo esse im\u00f3vel para a instala\u00e7\u00e3o de uma base t\u00e1tica do comando da regi\u00e3o\u201d, acrescentou.<\/p>\n<p>Ele informou que est\u00e1 sendo criada na regi\u00e3o uma companhia de Policiamento T\u00e1tico ligado ao comando da regi\u00e3o. \u201cEssa companhia \u00e9 uma for\u00e7a operacional que pode ser utilizada em qualquer cidade da regi\u00e3o, mas a base dela ser\u00e1 aqui. E como precis\u00e1vamos de \u00e1rea rural para treinamento, fomos bem atendidos pela Ceplac atrav\u00e9s do superintendente\u201d.<\/p>\n<p>\u201cFizemos a sele\u00e7\u00e3o de 40 policiais, e mais tr\u00eas oficiais. J\u00e1 est\u00e3o em treinamento e dentro de 30 dias estaremos inaugurando essa sede. Teremos um grupo treinado, preparado, equipado para trabalhar no que for necess\u00e1rio, de acordo com a demanda da regi\u00e3o\u201d, assegurou o comandante.<\/p>\n<p>&#8212;<\/p>\n<p>Jornalista da Sueba &#8211; Superintend\u00eancia da Ceplac na Bahia<\/p>\n<p>Jos\u00e9 Carlos Peixoto<\/p>\n<p>Fotos: Wilde Cabral \/ Reportagens: Jos\u00e9 Hamilton<\/p>\n<p><b>Assessoria de Comunica\u00e7\u00e3o da Ceplac<\/b><\/div>\n<\/div>\n<\/div>\n<\/div>\n<\/div>\n<\/div>\n","protected":false},"excerpt":{"rendered":"<p>Um acordo entre a Ceplac e a Pol\u00edcia Militar do Estado da Bahia, firmado no \u00faltimo dia 28 de agosto, vai permitir a instala\u00e7\u00e3o da sede da Companhia Independente de Policiamento T\u00e1tico \u2013 CIPT\/RONDESP-SUL. O comando usar\u00e1 o im\u00f3vel onde funcionava a antiga casa do cientista Paulo Alvim, localizada no Km-22 da Rodovia Ilh\u00e9us\/Itabuna. A [&hellip;]<\/p>\n","protected":false},"author":2,"featured_media":0,"comment_status":"open","ping_status":"open","sticky":false,"template":"","format":"standard","meta":{"_links_to":"","_links_to_target":""},"categories":[25],"tags":[],"_links":{"self":[{"href":"https:\/\/www.r2cpress.com.br\/v1\/wp-json\/wp\/v2\/posts\/71800"}],"collection":[{"href":"https:\/\/www.r2cpress.com.br\/v1\/wp-json\/wp\/v2\/posts"}],"about":[{"href":"https:\/\/www.r2cpress.com.br\/v1\/wp-json\/wp\/v2\/types\/post"}],"author":[{"embeddable":true,"href":"https:\/\/www.r2cpress.com.br\/v1\/wp-json\/wp\/v2\/users\/2"}],"replies":[{"embeddable":true,"href":"https:\/\/www.r2cpress.com.br\/v1\/wp-json\/wp\/v2\/comments?post=71800"}],"version-history":[{"count":4,"href":"https:\/\/www.r2cpress.com.br\/v1\/wp-json\/wp\/v2\/posts\/71800\/revisions"}],"predecessor-version":[{"id":71804,"href":"https:\/\/www.r2cpress.com.br\/v1\/wp-json\/wp\/v2\/posts\/71800\/revisions\/71804"}],"wp:attachment":[{"href":"https:\/\/www.r2cpress.com.br\/v1\/wp-json\/wp\/v2\/media?parent=71800"}],"wp:term":[{"taxonomy":"category","embeddable":true,"href":"https:\/\/www.r2cpress.com.br\/v1\/wp-json\/wp\/v2\/categories?post=71800"},{"taxonomy":"post_tag","embeddable":true,"href":"https:\/\/www.r2cpress.com.br\/v1\/wp-json\/wp\/v2\/tags?post=71800"}],"curies":[{"name":"wp","href":"https:\/\/api.w.org\/{rel}","templated":true}]}}