{"id":71809,"date":"2013-09-13T12:08:42","date_gmt":"2013-09-13T15:08:42","guid":{"rendered":"http:\/\/www.r2cpress.com.br\/v1\/?p=71809"},"modified":"2013-09-13T12:08:42","modified_gmt":"2013-09-13T15:08:42","slug":"revista-comemorativa-dos-10-anos-de-emancipacao-do-corpo-de-bombeiros-do-estado-do-espirito-santo","status":"publish","type":"post","link":"https:\/\/www.r2cpress.com.br\/v1\/2013\/09\/13\/revista-comemorativa-dos-10-anos-de-emancipacao-do-corpo-de-bombeiros-do-estado-do-espirito-santo\/","title":{"rendered":"REVISTA COMEMORATIVA DOS 10 ANOS DE EMANCIPA\u00c7\u00c3O DO CORPO DE BOMBEIROS DO ESTADO DO ESPIRITO SANTO"},"content":{"rendered":"<p>O Estado da Bahia, \u00e9 o \u00fanico nas regi\u00f5es N NE CO, e um dos 03 no Brasil em que o servi\u00e7o de Corpo de Bombeiros est\u00e1 subordinado a Pol\u00edcia Militar do Estado.<\/p>\n<div>Na Bahia at\u00e9 1983 s\u00f3 havia o Corpo de Bombeiros de Salvador, e nas maiores cidades do interior, Itabuna, Ilh\u00e9us, Juazeiro, Feira de Santana, Alagoinhas, o Governo do Estado colocou uma viatura e &#8220;treinou&#8221; alguns policiais militares para o servi\u00e7o de Bombeiro, por\u00e9m em 1989 as viaturas j\u00e1 eram sucata e os policiais j\u00e1 estavam no servi\u00e7o de Policiamento Ostensivo.<\/div>\n<div>\u00a0 \u00a0 \u00a0 \u00a0 Em 1984 extinguiu-se o Corpo de Bombeiros de Salvador, sendo transferido para a Pol\u00edcia Militar da Bahia, que, digo pela experi\u00eancia, de mais de 20 anos de servi\u00e7o, n\u00e3o aceitou de bom grado, n\u00e3o fez um planejamento estrat\u00e9gico, e hoje o servi\u00e7o de corpo de bombeiros est\u00e1 abaixo do n\u00edvel aceit\u00e1vel por isso.<\/div>\n<div>\u00a0 \u00a0 \u00a0 \u00a0 O servi\u00e7o de Bombeiro nada tem a ver com o servi\u00e7o de combate a criminalidade. Bombeiro lembra \u00e1gua salvamento vida socorro. O servi\u00e7o de Pol\u00edcia \u00e9 vida tamb\u00e9m mais risco de morte para evitar morte por causa de arma, tiro, bandido, c\u00f3digo penal, pris\u00e3o, sempre algu\u00e9m insatisfeito, o bandido preso, a v\u00edtima do bandido por que a a Pol\u00edcia n\u00e3o impediu a atua\u00e7\u00e3o do bandido, a mulher do bandido e assim vai.<\/div>\n<div>\u00a0 \u00a0 \u00a0 \u00a0 Portanto o servi\u00e7o de Bombeiro nada tem a ver com Policia, tanto que na Constitui\u00e7\u00e3o de 1988 especificou os org\u00e3os de Seguran\u00e7a P\u00fablica &#8211; Pol\u00edcia Militar \u00a0e Corpos de Bombeiros Militares &#8211; e a partir de 1989 os Estados foram separando e constituindo seus Corpo de Bombeiros como organiza\u00e7\u00f5es profissionais estaduais, e como disse somente a Bahia e mais tr\u00eas Estados ainda n\u00e3o o fizeram.<\/div>\n<div>\u00a0 \u00a0 \u00a0 \u00a0 A\u00ed eu pergunto o porqu\u00ea disso?<\/div>\n<div>Por que a Bahia \u00e9 o \u00fanico do N NE e CO a manter o Corpo de Bombeiros sob o jugo da Pol\u00edcia Militar? Se mesmo S\u00e3o Paulo mantendo o Corpo de Bombeiros ainda ligado a PM, deu-lhe toda autonomia Administrativa e financeira, tendo este total dom\u00ednio sobre tudo o que diz respeito a assuntos administrativos e operacionais. Paran\u00e1 j\u00e1 est\u00e1 em processo de separa\u00e7\u00e3o, j\u00e1 tendo autonomia, e RS a tropa de Bombeiro est\u00e1 em campanha para a separa\u00e7\u00e3o, inclusive tendo sido apresentado PEC para a separa\u00e7\u00e3o, que n\u00e3o foi aceita em fun\u00e7\u00e3o de ter sido atrav\u00e9s de um Deputado da oposi\u00e7\u00e3o e o Governo \u00e9 do PT.<\/div>\n<div>\u00a0 \u00a0 \u00a0 \u00a0E por fim a nossa Bahia, onde alguns her\u00f3is(n\u00e3o \u00e9 meu caso, pois luto no anonimato) tem se exposto a repres\u00e1rias e consequ\u00eancias desagrad\u00e1veis para sua pessoa, para lutar pela EMANCIPA\u00c7\u00c3O SEPARA\u00c7\u00c3O LIBERTA\u00c7\u00c3O DO JUGO \u00a0de estar sob o Comando da Pol\u00edcia Militar.<\/div>\n<div>\u00a0 \u00a0 \u00a0 \u00a0Amo a PMBA, \u00e9 minha casa, seu sangue corre em minhas veias, minha segunda fam\u00edlia. Honro o meu CMT, meu lider, reconhe\u00e7o a sua compet\u00eancia sua responsabilidade. Por\u00e9m meu compromisso como servidor p\u00fablico, respons\u00e1vel pelo servi\u00e7o de Bombeiro \u00e9 com a comunidade, com o povo, e comigo mesmo cidad\u00e3o minha fam\u00edlia, parentes e amigos, que temos direito a um servi\u00e7o de Corpo de Bombeiros de qualidade e esse s\u00f3 vir\u00e1 com essa SEPARA\u00c7\u00c3O EMANCIPA\u00c7\u00c3O LIBERTA\u00c7\u00c3O. A pol\u00edcia Militar n\u00e3o quer. O Governo mesmo sabendo que est\u00e1 perdendo arrecada\u00e7\u00e3o que contemplaria toda \u00a0custeio do Bombeiro e ainda poderia ser empregado por exemplo na Seguran\u00e7a P\u00fablica ou EDUCA\u00c7\u00c3O.<\/div>\n<div>\u00a0 \u00a0 \u00a0 \u00a0Exposto ent\u00e3o essa hist\u00f3ria e situa\u00e7\u00e3o, conclamo a todos a participarem dessa luta pelo direito de termos como cidad\u00e3os um servi\u00e7o de CORPO DE BOMBEIRO DE QUALIDADE, que s\u00f3 vir\u00e1 pela EMANCIPA\u00c7\u00c3O SEPARA\u00c7\u00c3O LIBERTA\u00c7\u00c3O DO JUGO \u00a0de estar sob o Comando da Pol\u00edcia Militar.<\/div>\n<div><\/div>\n<div>&#8212;<\/div>\n<div><em><strong>Servidor P\u00fablico.<\/strong><\/em><\/div>\n","protected":false},"excerpt":{"rendered":"<p>O Estado da Bahia, \u00e9 o \u00fanico nas regi\u00f5es N NE CO, e um dos 03 no Brasil em que o servi\u00e7o de Corpo de Bombeiros est\u00e1 subordinado a Pol\u00edcia Militar do Estado. Na Bahia at\u00e9 1983 s\u00f3 havia o Corpo de Bombeiros de Salvador, e nas maiores cidades do interior, Itabuna, Ilh\u00e9us, Juazeiro, Feira [&hellip;]<\/p>\n","protected":false},"author":2,"featured_media":0,"comment_status":"open","ping_status":"open","sticky":false,"template":"","format":"standard","meta":{"_links_to":"","_links_to_target":""},"categories":[25],"tags":[],"_links":{"self":[{"href":"https:\/\/www.r2cpress.com.br\/v1\/wp-json\/wp\/v2\/posts\/71809"}],"collection":[{"href":"https:\/\/www.r2cpress.com.br\/v1\/wp-json\/wp\/v2\/posts"}],"about":[{"href":"https:\/\/www.r2cpress.com.br\/v1\/wp-json\/wp\/v2\/types\/post"}],"author":[{"embeddable":true,"href":"https:\/\/www.r2cpress.com.br\/v1\/wp-json\/wp\/v2\/users\/2"}],"replies":[{"embeddable":true,"href":"https:\/\/www.r2cpress.com.br\/v1\/wp-json\/wp\/v2\/comments?post=71809"}],"version-history":[{"count":3,"href":"https:\/\/www.r2cpress.com.br\/v1\/wp-json\/wp\/v2\/posts\/71809\/revisions"}],"predecessor-version":[{"id":71812,"href":"https:\/\/www.r2cpress.com.br\/v1\/wp-json\/wp\/v2\/posts\/71809\/revisions\/71812"}],"wp:attachment":[{"href":"https:\/\/www.r2cpress.com.br\/v1\/wp-json\/wp\/v2\/media?parent=71809"}],"wp:term":[{"taxonomy":"category","embeddable":true,"href":"https:\/\/www.r2cpress.com.br\/v1\/wp-json\/wp\/v2\/categories?post=71809"},{"taxonomy":"post_tag","embeddable":true,"href":"https:\/\/www.r2cpress.com.br\/v1\/wp-json\/wp\/v2\/tags?post=71809"}],"curies":[{"name":"wp","href":"https:\/\/api.w.org\/{rel}","templated":true}]}}