{"id":71841,"date":"2013-09-13T14:10:10","date_gmt":"2013-09-13T17:10:10","guid":{"rendered":"http:\/\/www.r2cpress.com.br\/v1\/?p=71841"},"modified":"2013-09-13T14:10:11","modified_gmt":"2013-09-13T17:10:11","slug":"esporte-danca-e-musical-marcam-a-1a-mostra-cultural-do-peti","status":"publish","type":"post","link":"https:\/\/www.r2cpress.com.br\/v1\/2013\/09\/13\/esporte-danca-e-musical-marcam-a-1a-mostra-cultural-do-peti\/","title":{"rendered":"Esporte, dan\u00e7a e musical marcam a 1\u00aa Mostra Cultural do Peti"},"content":{"rendered":"<p align=\"center\"><strong><i>O evento, promovido pelas secretarias municipais de Desenvolvimento Social e de Educa\u00e7\u00e3o, atraiu na quinta-feira, dia 12, pessoas de todas as idades que puderam contemplar um grande espet\u00e1culo apresentado pelas crian\u00e7as e adolescentes beneficiados pelo programa.<\/i><\/strong><\/p>\n<div id=\"attachment_71842\" style=\"width: 610px\" class=\"wp-caption aligncenter\"><a href=\"http:\/\/www.r2cpress.com.br\/v1\/wp-content\/uploads\/I-Mostra-Cultural-do-PETI-foto-Gidelzo-Silva-Secom-Ilh\u00e9us-12.09.13-15.jpg\"><img aria-describedby=\"caption-attachment-71842\" loading=\"lazy\" class=\"size-full wp-image-71842\" title=\"I Mostra Cultural do PETI foto Gidelzo Silva Secom-Ilh\u00e9us 12.09.13 (15)\" alt=\"I Mostra Cultural do PETI foto Gidelzo Silva Secom-Ilh\u00e9us 12.09.13 (15)\" src=\"http:\/\/www.r2cpress.com.br\/v1\/wp-content\/uploads\/I-Mostra-Cultural-do-PETI-foto-Gidelzo-Silva-Secom-Ilh\u00e9us-12.09.13-15.jpg\" width=\"600\" height=\"359\" srcset=\"https:\/\/www.r2cpress.com.br\/v1\/wp-content\/uploads\/I-Mostra-Cultural-do-PETI-foto-Gidelzo-Silva-Secom-Ilh\u00e9us-12.09.13-15.jpg 600w, https:\/\/www.r2cpress.com.br\/v1\/wp-content\/uploads\/I-Mostra-Cultural-do-PETI-foto-Gidelzo-Silva-Secom-Ilh\u00e9us-12.09.13-15-300x179.jpg 300w\" sizes=\"(max-width: 600px) 100vw, 600px\" \/><\/a><p id=\"caption-attachment-71842\" class=\"wp-caption-text\">I Mostra Cultural do PETI foto Gidelzo Silva Secom-Ilh\u00e9us 12.09.13 (15)<\/p><\/div>\n<p>Uma mistura de dan\u00e7a, arte, ritmos, esporte e cultura animaram a 1\u00aa Mostra Cultural do Programa de Erradica\u00e7\u00e3o do Trabalho Infantil (Peti) que aconteceu na \u00faltima quinta-feira, dia 12, no audit\u00f3rio do Instituto Municipal de Ensino Eus\u00ednio Lavigne. O evento, promovido pela Prefeitura de Ilh\u00e9us, atrav\u00e9s das secretarias municipais de Desenvolvimento Social (SDS) e de Educa\u00e7\u00e3o (Seduc), atraiu pessoas de todas as idades que puderam contemplar um grande espet\u00e1culo apresentado pelas crian\u00e7as e adolescentes beneficiados pelo programa.<\/p>\n<div id=\"attachment_71843\" style=\"width: 610px\" class=\"wp-caption aligncenter\"><a href=\"http:\/\/www.r2cpress.com.br\/v1\/wp-content\/uploads\/I-Mostra-Cultural-do-Peti-foto-Gidelzo-Silva-Secom-Ilh\u00e9us-12.09.13-44.jpg\"><img aria-describedby=\"caption-attachment-71843\" loading=\"lazy\" class=\"size-full wp-image-71843\" alt=\"I Mostra Cultural do Peti foto Gidelzo Silva Secom-Ilh\u00e9us 12.09.13.\" src=\"http:\/\/www.r2cpress.com.br\/v1\/wp-content\/uploads\/I-Mostra-Cultural-do-Peti-foto-Gidelzo-Silva-Secom-Ilh\u00e9us-12.09.13-44.jpg\" width=\"600\" height=\"401\" srcset=\"https:\/\/www.r2cpress.com.br\/v1\/wp-content\/uploads\/I-Mostra-Cultural-do-Peti-foto-Gidelzo-Silva-Secom-Ilh\u00e9us-12.09.13-44.jpg 600w, https:\/\/www.r2cpress.com.br\/v1\/wp-content\/uploads\/I-Mostra-Cultural-do-Peti-foto-Gidelzo-Silva-Secom-Ilh\u00e9us-12.09.13-44-300x200.jpg 300w\" sizes=\"(max-width: 600px) 100vw, 600px\" \/><\/a><p id=\"caption-attachment-71843\" class=\"wp-caption-text\">I Mostra Cultural do Peti foto Gidelzo Silva Secom-Ilh\u00e9us 12.09.13.<\/p><\/div>\n<p>Com um audit\u00f3rio repleto de crian\u00e7as, jovens e adultos, os participantes dos v\u00e1rios espa\u00e7os de conviv\u00eancia do Peti como, Salobrinho, Bas\u00edlio, Banco do Pedro, Castelo Novo, Conquista, Teot\u00f4nio Vilela, Oliven\u00e7a, Barra entre outros, apresentaram para o p\u00fablico as coreografias e pe\u00e7as teatrais, como o musical A Bela e a Fera que h\u00e1 meses vinham ensaiando.\u00a0 O resgate da cultura afro, o hip-hop norte americano, o <i>ballet<\/i> cl\u00e1ssico, as artes marciais como Karat\u00ea e Jiu-Jitsu foram algumas das apresenta\u00e7\u00f5es feitas durante a Mostra Cultural.<\/p>\n<p>\u201cO nosso prop\u00f3sito \u00e9 incentivar a cultura bem como despertar nessas crian\u00e7as o interesse pelo esporte para que elas entendam que atrav\u00e9s desse incentivo eles possam sair da situa\u00e7\u00e3o de trabalho\u201d, destaca o secret\u00e1rio de Desenvolvimento Social do munic\u00edpio, Jamil Ock\u00e9. A coordenadora do programa em Ilh\u00e9us, Gl\u00f3ria Ara\u00fajo avaliou como positiva a 1\u00aa Mostra Cultural do Peti e informou que \u201ca melhor sa\u00edda para que essas crian\u00e7as possam ser realmente crian\u00e7as e viver a inf\u00e2ncia plenamente \u00e9 oferecer a elas meios que as afastem tanto do trabalho quanto das ruas, e esse \u00e9 o nosso maior objetivo\u201d.<\/p>\n<div id=\"attachment_71844\" style=\"width: 610px\" class=\"wp-caption aligncenter\"><a href=\"http:\/\/www.r2cpress.com.br\/v1\/wp-content\/uploads\/I-Mostra-Cultural-do-PETI-foto-Gidelzo-Silva-Secom-Ilh\u00e9us-12.09.13-96.jpg\"><img aria-describedby=\"caption-attachment-71844\" loading=\"lazy\" class=\"size-full wp-image-71844\" alt=\"I Mostra Cultural do PETI foto Gidelzo Silva Secom-Ilh\u00e9us 12.09.13.\" src=\"http:\/\/www.r2cpress.com.br\/v1\/wp-content\/uploads\/I-Mostra-Cultural-do-PETI-foto-Gidelzo-Silva-Secom-Ilh\u00e9us-12.09.13-96.jpg\" width=\"600\" height=\"389\" srcset=\"https:\/\/www.r2cpress.com.br\/v1\/wp-content\/uploads\/I-Mostra-Cultural-do-PETI-foto-Gidelzo-Silva-Secom-Ilh\u00e9us-12.09.13-96.jpg 600w, https:\/\/www.r2cpress.com.br\/v1\/wp-content\/uploads\/I-Mostra-Cultural-do-PETI-foto-Gidelzo-Silva-Secom-Ilh\u00e9us-12.09.13-96-300x194.jpg 300w\" sizes=\"(max-width: 600px) 100vw, 600px\" \/><\/a><p id=\"caption-attachment-71844\" class=\"wp-caption-text\">I Mostra Cultural do PETI foto Gidelzo Silva Secom-Ilh\u00e9us 12.09.13.<\/p><\/div>\n<p><b>Reordenamento<\/b> \u2013 O Peti passou por uma recente transforma\u00e7\u00e3o, ap\u00f3s o reordenamento realizado pelo Minist\u00e9rio do Desenvolvimento Social e Combate \u00e0 Fome (MDS) e hoje faz parte do Servi\u00e7o de Conviv\u00eancia e Fortalecimento de V\u00ednculos (SCFV). Essa modifica\u00e7\u00e3o proporciona atendimento social espec\u00edfico para os grupos et\u00e1rios dos diversos servi\u00e7os ofertados pela Secretaria de Desenvolvimento Social. Este servi\u00e7o visa oferecer aten\u00e7\u00e3o diferenciada de acordo as necessidades e fragilidades de cada grupo de conviv\u00eancia. O Peti oferece atividades de que visam a retirada da crian\u00e7a do trabalho atrav\u00e9s de oficinas de dan\u00e7a, m\u00fasica, esporte, cultura, cidadania meio ambiente, e n\u00e3o deve ser confundido com um refor\u00e7o escolar.<\/p>\n<p>Esses servi\u00e7os se organizam de acordo com o Servi\u00e7o de Prote\u00e7\u00e3o e Atendimento Integral \u00e0 Fam\u00edlia (Paif) que, ao se articularem, previnem a institucionaliza\u00e7\u00e3o e a segrega\u00e7\u00e3o de crian\u00e7as, adolescentes, jovens e idosos, oportunizando dessa forma o acesso desses grupos a informa\u00e7\u00f5es sobre direitos e participa\u00e7\u00e3o cidad\u00e3. As atividades deste servi\u00e7o devem ser oferecidas pelo Centro de Refer\u00eancia de Assist\u00eancia Social (Cras) e podem ser realizadas atrav\u00e9s de grupos ou coletivos que visam a troca de viv\u00eancias bem como o fortalecimento de v\u00ednculos, a socializa\u00e7\u00e3o, o sentimento de pertencer a localidade e de identidade.<\/p>\n<p>&#8212;<\/p>\n<p>AI\/PMI<\/p>\n","protected":false},"excerpt":{"rendered":"<p>O evento, promovido pelas secretarias municipais de Desenvolvimento Social e de Educa\u00e7\u00e3o, atraiu na quinta-feira, dia 12, pessoas de todas as idades que puderam contemplar um grande espet\u00e1culo apresentado pelas crian\u00e7as e adolescentes beneficiados pelo programa. Uma mistura de dan\u00e7a, arte, ritmos, esporte e cultura animaram a 1\u00aa Mostra Cultural do Programa de Erradica\u00e7\u00e3o do [&hellip;]<\/p>\n","protected":false},"author":2,"featured_media":0,"comment_status":"open","ping_status":"open","sticky":false,"template":"","format":"standard","meta":{"_links_to":"","_links_to_target":""},"categories":[23],"tags":[],"_links":{"self":[{"href":"https:\/\/www.r2cpress.com.br\/v1\/wp-json\/wp\/v2\/posts\/71841"}],"collection":[{"href":"https:\/\/www.r2cpress.com.br\/v1\/wp-json\/wp\/v2\/posts"}],"about":[{"href":"https:\/\/www.r2cpress.com.br\/v1\/wp-json\/wp\/v2\/types\/post"}],"author":[{"embeddable":true,"href":"https:\/\/www.r2cpress.com.br\/v1\/wp-json\/wp\/v2\/users\/2"}],"replies":[{"embeddable":true,"href":"https:\/\/www.r2cpress.com.br\/v1\/wp-json\/wp\/v2\/comments?post=71841"}],"version-history":[{"count":3,"href":"https:\/\/www.r2cpress.com.br\/v1\/wp-json\/wp\/v2\/posts\/71841\/revisions"}],"predecessor-version":[{"id":71847,"href":"https:\/\/www.r2cpress.com.br\/v1\/wp-json\/wp\/v2\/posts\/71841\/revisions\/71847"}],"wp:attachment":[{"href":"https:\/\/www.r2cpress.com.br\/v1\/wp-json\/wp\/v2\/media?parent=71841"}],"wp:term":[{"taxonomy":"category","embeddable":true,"href":"https:\/\/www.r2cpress.com.br\/v1\/wp-json\/wp\/v2\/categories?post=71841"},{"taxonomy":"post_tag","embeddable":true,"href":"https:\/\/www.r2cpress.com.br\/v1\/wp-json\/wp\/v2\/tags?post=71841"}],"curies":[{"name":"wp","href":"https:\/\/api.w.org\/{rel}","templated":true}]}}