{"id":71870,"date":"2013-09-13T16:21:35","date_gmt":"2013-09-13T19:21:35","guid":{"rendered":"http:\/\/www.r2cpress.com.br\/v1\/?p=71870"},"modified":"2013-09-13T16:21:35","modified_gmt":"2013-09-13T19:21:35","slug":"informativo-do-vereador-cosme-araujo","status":"publish","type":"post","link":"https:\/\/www.r2cpress.com.br\/v1\/2013\/09\/13\/informativo-do-vereador-cosme-araujo\/","title":{"rendered":"Informativo  do Vereador Cosme Ara\u00fajo"},"content":{"rendered":"<p align=\"center\">\u00a0<strong>C\u00e2mara Municipal de Ilh\u00e9us <\/strong><\/p>\n<p align=\"center\"><strong>Poder Legislativo<\/strong><\/p>\n<p align=\"center\"><strong>GABINETE DO VEREADOR COSME ARA\u00daJO &#8211; PDT<\/strong><\/p>\n<div id=\"attachment_71872\" style=\"width: 268px\" class=\"wp-caption alignright\"><a href=\"http:\/\/www.r2cpress.com.br\/v1\/wp-content\/uploads\/Dr-Cosme-Ara\u00fajo-VEREADOR..jpg\"><img aria-describedby=\"caption-attachment-71872\" loading=\"lazy\" class=\"size-full wp-image-71872\" alt=\"Dr Cosme Ara\u00fajo\" src=\"http:\/\/www.r2cpress.com.br\/v1\/wp-content\/uploads\/Dr-Cosme-Ara\u00fajo-VEREADOR..jpg\" width=\"258\" height=\"363\" srcset=\"https:\/\/www.r2cpress.com.br\/v1\/wp-content\/uploads\/Dr-Cosme-Ara\u00fajo-VEREADOR..jpg 300w, https:\/\/www.r2cpress.com.br\/v1\/wp-content\/uploads\/Dr-Cosme-Ara\u00fajo-VEREADOR.-213x300.jpg 213w\" sizes=\"(max-width: 258px) 100vw, 258px\" \/><\/a><p id=\"caption-attachment-71872\" class=\"wp-caption-text\">Dr Cosme Ara\u00fajo<\/p><\/div>\n<p>Projeto do Vereador Cosme Ara\u00fajo determina que nas Leis sancionadas, sejam inseridas nome do propositor.<\/p>\n<p>O vereador ilheense, Cosme Ara\u00fajo (PDT), protocolou Projeto de Lei no legislativo local, dispondo da obrigatoriedade do Poder Executivo inserir nas leis sancionadas no Munic\u00edpio de Ilh\u00e9us, o n\u00famero e o nome do parlamentar autor do projeto.<\/p>\n<p>\u201cDesejo, com este projeto de lei, adicionar mais um meio de presta\u00e7\u00e3o de contas \u00e0 sociedade por parte de todos os que t\u00eam o poder, o dever e o direito de provocar o processo legislativo. \u00c9 mais que mera publicidade dos atos administrativos: \u00e9 tamb\u00e9m responsabiliza\u00e7\u00e3o, transpar\u00eancia e garantia de fiscaliza\u00e7\u00e3o e de controle social sobre todo o procedimento de cria\u00e7\u00e3o de uma lei\u201d, fundamento o Vereador e caus\u00eddico, Cosme Ara\u00fajo.<\/p>\n<p>A simples san\u00e7\u00e3o, sem qualquer refer\u00eancia \u00e0 origem da norma, sonega ao eleitor, ao contribuinte, ao povo em geral o conhecimento sobre de onde partiu o comando que lhes passa a ser imposto. Tal como est\u00e1 hoje, pode-se afirmar que h\u00e1 uma \u201cpublicidade\u201d parcial, imperfeita e incompleta.<\/p>\n<p>O princ\u00edpio da publicidade &#8211; art. 37 da Carta Magna, aplicado a todos os Poderes, em todos os n\u00edveis e esferas da Administra\u00e7\u00e3o P\u00fablica, fundamenta-se na necessidade de transpar\u00eancia da atua\u00e7\u00e3o administrativa, parlamentar e jurisdicional, e serve como instrumento garantidor para a constru\u00e7\u00e3o do estado democr\u00e1tico de direito, mais transparente e pr\u00f3ximo do cidad\u00e3o, a partir do que se consubstancia no Par\u00e1grafo \u00danico do art. 1\u00ba da Constitui\u00e7\u00e3o Federal: <i>\u201cTodo poder emana do povo, que o exerce por meio de representantes eleitos ou diretamente, nos termos desta Constitui\u00e7\u00e3o\u201d.<\/i><\/p>\n<p>No Brasil, para muitas leis s\u00e3o dadas o nome dos seus inspiradores ou autores, como Lei Fleury, Lei Agamenon, Lei Nelson Carneiro, Lei Maria da Penha e a mais recente, a Lei Carolina Dieckmann, origin\u00e1ria do Projeto de Lei n\u00ba 2793, de autoria do deputado Paulo Teixeira (PT-SP), que estabelece a tipifica\u00e7\u00e3o criminal de delitos inform\u00e1ticos como viola\u00e7\u00e3o indevida de equipamentos e sistemas conectados ou n\u00e3o \u00e0 rede de computadores.<\/p>\n<p>\u00c9 cada vez mais necess\u00e1rio a comunidade ter conhecimento do processo legislativo e dos autores das leis que ir\u00e3o reger a sociedade.<strong><\/strong><\/p>\n<p><strong>&#8212;<br \/>\n<\/strong><\/p>\n<p><strong><i>Cl\u00e9a Sam, Assessora, 13 de setembro de 2013.<\/i><\/strong><\/p>\n","protected":false},"excerpt":{"rendered":"<p>\u00a0C\u00e2mara Municipal de Ilh\u00e9us Poder Legislativo GABINETE DO VEREADOR COSME ARA\u00daJO &#8211; PDT Projeto do Vereador Cosme Ara\u00fajo determina que nas Leis sancionadas, sejam inseridas nome do propositor. O vereador ilheense, Cosme Ara\u00fajo (PDT), protocolou Projeto de Lei no legislativo local, dispondo da obrigatoriedade do Poder Executivo inserir nas leis sancionadas no Munic\u00edpio de Ilh\u00e9us, [&hellip;]<\/p>\n","protected":false},"author":2,"featured_media":0,"comment_status":"open","ping_status":"open","sticky":false,"template":"","format":"standard","meta":{"_links_to":"","_links_to_target":""},"categories":[22],"tags":[],"_links":{"self":[{"href":"https:\/\/www.r2cpress.com.br\/v1\/wp-json\/wp\/v2\/posts\/71870"}],"collection":[{"href":"https:\/\/www.r2cpress.com.br\/v1\/wp-json\/wp\/v2\/posts"}],"about":[{"href":"https:\/\/www.r2cpress.com.br\/v1\/wp-json\/wp\/v2\/types\/post"}],"author":[{"embeddable":true,"href":"https:\/\/www.r2cpress.com.br\/v1\/wp-json\/wp\/v2\/users\/2"}],"replies":[{"embeddable":true,"href":"https:\/\/www.r2cpress.com.br\/v1\/wp-json\/wp\/v2\/comments?post=71870"}],"version-history":[{"count":5,"href":"https:\/\/www.r2cpress.com.br\/v1\/wp-json\/wp\/v2\/posts\/71870\/revisions"}],"predecessor-version":[{"id":71876,"href":"https:\/\/www.r2cpress.com.br\/v1\/wp-json\/wp\/v2\/posts\/71870\/revisions\/71876"}],"wp:attachment":[{"href":"https:\/\/www.r2cpress.com.br\/v1\/wp-json\/wp\/v2\/media?parent=71870"}],"wp:term":[{"taxonomy":"category","embeddable":true,"href":"https:\/\/www.r2cpress.com.br\/v1\/wp-json\/wp\/v2\/categories?post=71870"},{"taxonomy":"post_tag","embeddable":true,"href":"https:\/\/www.r2cpress.com.br\/v1\/wp-json\/wp\/v2\/tags?post=71870"}],"curies":[{"name":"wp","href":"https:\/\/api.w.org\/{rel}","templated":true}]}}