{"id":71889,"date":"2013-09-13T19:34:37","date_gmt":"2013-09-13T22:34:37","guid":{"rendered":"http:\/\/www.r2cpress.com.br\/v1\/?p=71889"},"modified":"2013-09-13T19:34:37","modified_gmt":"2013-09-13T22:34:37","slug":"radialista-marinho-santos-participa-do-8o-congresso-internacional-de-jornalismo-investigativo","status":"publish","type":"post","link":"https:\/\/www.r2cpress.com.br\/v1\/2013\/09\/13\/radialista-marinho-santos-participa-do-8o-congresso-internacional-de-jornalismo-investigativo\/","title":{"rendered":"Radialista Marinho Santos participa do 8\u00ba Congresso Internacional de Jornalismo Investigativo."},"content":{"rendered":"<p>De 12 a 15 de outubro, a Associa\u00e7\u00e3o Brasileira de Jornalismo Investigativo (Abraji) promove, no Rio de Janeiro, o 8\u00ba Congresso Internacional de Jornalismo Investigativo. O evento acontece no pr\u00e9dio da Pontif\u00edcia Universidade Cat\u00f3lica do Rio de Janeiro (PUC-RJ), no bairro da G\u00e1vea.<\/p>\n<div id=\"attachment_71890\" style=\"width: 610px\" class=\"wp-caption aligncenter\"><a href=\"http:\/\/www.r2cpress.com.br\/v1\/wp-content\/uploads\/Marinho-Santos-t\u00edtular-do-Programa-Tropa-de-Elite.jpg\"><img aria-describedby=\"caption-attachment-71890\" loading=\"lazy\" class=\"size-full wp-image-71890\" alt=\"Marinho Santos\" src=\"http:\/\/www.r2cpress.com.br\/v1\/wp-content\/uploads\/Marinho-Santos-t\u00edtular-do-Programa-Tropa-de-Elite.jpg\" width=\"600\" height=\"450\" srcset=\"https:\/\/www.r2cpress.com.br\/v1\/wp-content\/uploads\/Marinho-Santos-t\u00edtular-do-Programa-Tropa-de-Elite.jpg 600w, https:\/\/www.r2cpress.com.br\/v1\/wp-content\/uploads\/Marinho-Santos-t\u00edtular-do-Programa-Tropa-de-Elite-300x225.jpg 300w\" sizes=\"(max-width: 600px) 100vw, 600px\" \/><\/a><p id=\"caption-attachment-71890\" class=\"wp-caption-text\">Marinho Santos<\/p><\/div>\n<p>A cidade de Ilh\u00e9us ser\u00e1 representada, pelo segundo ano consecutivo, pelo Radialista Marinho Santos, titular do Programa Tropa de Elite, da R\u00e1dio Baiana de Ilh\u00e9us.<\/p>\n<p>O encontro internacional ser\u00e1 realizado pela Global Investigative Journalism Network (GIJN), e a 5\u00aa Conferencia Latino-americana de Periodismo de Investigaci\u00f3n (COLPIN), do Instituto Prensa y Sociedad (IPYS).<\/p>\n<p>S\u00e3o mais de 150 pain\u00e9is e minicursos no total. Marinho Santos, j\u00e1 devidamente inscrito, participar\u00e1 de todas as palestras e todas as oficinas de trabalho. A ideia \u00e9 estimular trocas e contatos entre os profissionais e estudantes de todo o mundo que estar\u00e3o na Confer\u00eancia Global.<\/p>\n<p>Para o Radialista ilheense, Marinho Santos, especialista em jornalismo policial, a oportunidade \u00e9 impar. \u201cprecisamos nos reciclar e trocar experi\u00eancias, sempre, com nomes consagrados do jornalismo investigativo, a exemplo de Roberto Cabrini, Caco Barcelos, Marcelo Rezende e tantos outros\u201d, enfatiza.<\/p>\n<p>Uma novidade deste ano \u00e9 que os participantes poder\u00e3o acessar a grade de programa\u00e7\u00e3o do 8\u00ba Congresso Internacional de Jornalismo Investigativo em smartphones (iPhone, Android ou BlackBerry) por meio de um app. Assim, podem v\u00ea-la quando quiserem e marcar as palestras de interesse.<\/p>\n<p>Entre os palestrantes confirmados est\u00e3o Glenn Greenwald (The Guardian), o presidente do Supremo Tribunal Federal, Joaquim Barbosa, Caco Barcellos (TV Globo), Z\u00e9 Hamilton Ribeiro, Eduardo Faustini (TV Globo), Cl\u00f3vis Rossi (Folha de S. Paulo), Juan Arias (El Pa\u00eds), Hannah Storm, do International News Safety Institute (INSI), Aud\u00e1lio Dantas (autor de &#8220;As Duas Guerras de Vlado Herzog&#8221;), M\u00e1rio Magalh\u00e3es (autor de \u201cMarighella: o guerrilheiro que incendiou o mundo\u201d), Roberto Cabrini (SBT), Miriam Leit\u00e3o (O Globo), Rubens Valente (Folha de S. Paulo), Juca Kfouri (UOL\/ESPN\/Folha de S. Paulo), Jos\u00e9 Paulo Kupfer (O Estado de S.Paulo) e Eliane Brum.<\/p>\n<p>&#8212;<\/p>\n<p>ASCOM, Sindicato dos Radialistas de Ilh\u00e9us.<\/p>\n","protected":false},"excerpt":{"rendered":"<p>De 12 a 15 de outubro, a Associa\u00e7\u00e3o Brasileira de Jornalismo Investigativo (Abraji) promove, no Rio de Janeiro, o 8\u00ba Congresso Internacional de Jornalismo Investigativo. O evento acontece no pr\u00e9dio da Pontif\u00edcia Universidade Cat\u00f3lica do Rio de Janeiro (PUC-RJ), no bairro da G\u00e1vea. A cidade de Ilh\u00e9us ser\u00e1 representada, pelo segundo ano consecutivo, pelo Radialista [&hellip;]<\/p>\n","protected":false},"author":2,"featured_media":0,"comment_status":"open","ping_status":"open","sticky":false,"template":"","format":"standard","meta":{"_links_to":"","_links_to_target":""},"categories":[28],"tags":[],"_links":{"self":[{"href":"https:\/\/www.r2cpress.com.br\/v1\/wp-json\/wp\/v2\/posts\/71889"}],"collection":[{"href":"https:\/\/www.r2cpress.com.br\/v1\/wp-json\/wp\/v2\/posts"}],"about":[{"href":"https:\/\/www.r2cpress.com.br\/v1\/wp-json\/wp\/v2\/types\/post"}],"author":[{"embeddable":true,"href":"https:\/\/www.r2cpress.com.br\/v1\/wp-json\/wp\/v2\/users\/2"}],"replies":[{"embeddable":true,"href":"https:\/\/www.r2cpress.com.br\/v1\/wp-json\/wp\/v2\/comments?post=71889"}],"version-history":[{"count":2,"href":"https:\/\/www.r2cpress.com.br\/v1\/wp-json\/wp\/v2\/posts\/71889\/revisions"}],"predecessor-version":[{"id":71892,"href":"https:\/\/www.r2cpress.com.br\/v1\/wp-json\/wp\/v2\/posts\/71889\/revisions\/71892"}],"wp:attachment":[{"href":"https:\/\/www.r2cpress.com.br\/v1\/wp-json\/wp\/v2\/media?parent=71889"}],"wp:term":[{"taxonomy":"category","embeddable":true,"href":"https:\/\/www.r2cpress.com.br\/v1\/wp-json\/wp\/v2\/categories?post=71889"},{"taxonomy":"post_tag","embeddable":true,"href":"https:\/\/www.r2cpress.com.br\/v1\/wp-json\/wp\/v2\/tags?post=71889"}],"curies":[{"name":"wp","href":"https:\/\/api.w.org\/{rel}","templated":true}]}}