{"id":71902,"date":"2013-09-13T21:18:12","date_gmt":"2013-09-14T00:18:12","guid":{"rendered":"http:\/\/www.r2cpress.com.br\/v1\/?p=71902"},"modified":"2013-09-13T21:18:12","modified_gmt":"2013-09-14T00:18:12","slug":"participacao-da-marinha-corpo-de-bombeiros-e-do-nepsi-dinamiza-mutirao-no-salobrinho","status":"publish","type":"post","link":"https:\/\/www.r2cpress.com.br\/v1\/2013\/09\/13\/participacao-da-marinha-corpo-de-bombeiros-e-do-nepsi-dinamiza-mutirao-no-salobrinho\/","title":{"rendered":"Participa\u00e7\u00e3o da Marinha, Corpo de Bombeiros e do Nepsi dinamiza mutir\u00e3o no Salobrinho"},"content":{"rendered":"<p align=\"center\"><i>Al\u00e9m dos servi\u00e7os de sa\u00fade e assist\u00eancia social, moradores do Salobrinho tiveram acesso \u00e0s informa\u00e7\u00f5es sobre as corpora\u00e7\u00f5es da Marinha e dos Bombeiros, bem como orienta\u00e7\u00f5es sobre preven\u00e7\u00e3o \u00e0s DSTs.<\/i><\/p>\n<p>&nbsp;<\/p>\n<div id=\"attachment_71903\" style=\"width: 610px\" class=\"wp-caption aligncenter\"><a href=\"http:\/\/www.r2cpress.com.br\/v1\/wp-content\/uploads\/Mutira\u0303o-da-Cidadania-no-Salobrinho-Foto-Roberto-Santos-4.jpg\"><img aria-describedby=\"caption-attachment-71903\" loading=\"lazy\" class=\"size-full wp-image-71903\" alt=\"Mutira\u0303o da Cidadania no Salobrinho - Foto Roberto Santos (4)\" src=\"http:\/\/www.r2cpress.com.br\/v1\/wp-content\/uploads\/Mutira\u0303o-da-Cidadania-no-Salobrinho-Foto-Roberto-Santos-4.jpg\" width=\"600\" height=\"400\" srcset=\"https:\/\/www.r2cpress.com.br\/v1\/wp-content\/uploads\/Mutira\u0303o-da-Cidadania-no-Salobrinho-Foto-Roberto-Santos-4.jpg 600w, https:\/\/www.r2cpress.com.br\/v1\/wp-content\/uploads\/Mutira\u0303o-da-Cidadania-no-Salobrinho-Foto-Roberto-Santos-4-300x200.jpg 300w\" sizes=\"(max-width: 600px) 100vw, 600px\" \/><\/a><p id=\"caption-attachment-71903\" class=\"wp-caption-text\">Mutira\u0303o da Cidadania no Salobrinho &#8211; Foto Roberto Santos<i>.<\/i><\/p><\/div>\n<div id=\"attachment_71904\" style=\"width: 610px\" class=\"wp-caption aligncenter\"><a href=\"http:\/\/www.r2cpress.com.br\/v1\/wp-content\/uploads\/Mutira\u0303o-da-Cidadania-no-Salobrinho-Foto-Roberto-Santos-2.jpg\"><img aria-describedby=\"caption-attachment-71904\" loading=\"lazy\" class=\"size-full wp-image-71904\" alt=\"Mutira\u0303o da Cidadania no Salobrinho - Foto Roberto Santos (2)\" src=\"http:\/\/www.r2cpress.com.br\/v1\/wp-content\/uploads\/Mutira\u0303o-da-Cidadania-no-Salobrinho-Foto-Roberto-Santos-2.jpg\" width=\"600\" height=\"400\" srcset=\"https:\/\/www.r2cpress.com.br\/v1\/wp-content\/uploads\/Mutira\u0303o-da-Cidadania-no-Salobrinho-Foto-Roberto-Santos-2.jpg 600w, https:\/\/www.r2cpress.com.br\/v1\/wp-content\/uploads\/Mutira\u0303o-da-Cidadania-no-Salobrinho-Foto-Roberto-Santos-2-300x200.jpg 300w\" sizes=\"(max-width: 600px) 100vw, 600px\" \/><\/a><p id=\"caption-attachment-71904\" class=\"wp-caption-text\">Mutira\u0303o da Cidadania no Salobrinho &#8211; Foto Roberto Santos.<\/p><\/div>\n<p>O Bairro do Salobrinho foi contemplado nesta sexta-feira, dia 13, com o Mutir\u00e3o da Cidadania, que entre v\u00e1rios servi\u00e7os ofertados pelassecretariasmunicipais de Desenvolvimento Social (SDS) e de Sa\u00fade (Sesau), contou com a presen\u00e7a de novos parceiros como o 5\u00ba Grupamento de Bombeiros, a Marinha do Brasil e da organiza\u00e7\u00e3o n\u00e3o governamental N\u00facleo de Educa\u00e7\u00e3o e Promo\u00e7\u00e3o \u00e0 Sa\u00fade de Ilh\u00e9us (Nepsi). O evento ocorreu na sede do Cri\u2019Art no per\u00edodo das 8\u00e0s 14horase contou com a participa\u00e7\u00e3o do prefeito de Ilh\u00e9us, Jabes Ribeiro, dos secret\u00e1rios Jamil Ock\u00e9 (SDS) e Ant\u00f4nio Ock\u00e9 (Sesau) e dos vereadores Tarc\u00edsio Paix\u00e3o e James Costa.<\/p>\n<div id=\"attachment_71907\" style=\"width: 610px\" class=\"wp-caption aligncenter\"><a href=\"http:\/\/www.r2cpress.com.br\/v1\/wp-content\/uploads\/Mutira\u0303o-da-Cidadania-no-Salobrinho-Foto-Roberto-Santos-5.jpg\"><img aria-describedby=\"caption-attachment-71907\" loading=\"lazy\" class=\"size-full wp-image-71907\" alt=\"Mutira\u0303o da Cidadania no Salobrinho - Foto Roberto Santos (5)\" src=\"http:\/\/www.r2cpress.com.br\/v1\/wp-content\/uploads\/Mutira\u0303o-da-Cidadania-no-Salobrinho-Foto-Roberto-Santos-5.jpg\" width=\"600\" height=\"400\" srcset=\"https:\/\/www.r2cpress.com.br\/v1\/wp-content\/uploads\/Mutira\u0303o-da-Cidadania-no-Salobrinho-Foto-Roberto-Santos-5.jpg 600w, https:\/\/www.r2cpress.com.br\/v1\/wp-content\/uploads\/Mutira\u0303o-da-Cidadania-no-Salobrinho-Foto-Roberto-Santos-5-300x200.jpg 300w\" sizes=\"(max-width: 600px) 100vw, 600px\" \/><\/a><p id=\"caption-attachment-71907\" class=\"wp-caption-text\">Mutira\u0303o da Cidadania no Salobrinho &#8211; Foto Roberto Santos (5)<\/p><\/div>\n<p>Para o prefeito Jabes Ribeiro, a concentra\u00e7\u00e3o de servi\u00e7os p\u00fablicos nos bairros do munic\u00edpio promove uma maior intera\u00e7\u00e3o entre cidad\u00e3o e poder p\u00fablico, ampliando as pr\u00e1ticas democr\u00e1ticas. \u201cFaz parte da nossa gest\u00e3o ampliar a participa\u00e7\u00e3o popular em todas as esferas, por isso criamos mecanismos de levar aos bairros os nosso servi\u00e7os e criamos o Pacto por Ilh\u00e9us, onde a sociedade organizada pode avaliar, opinar, elogiar e sugerir formas de melhor atendermos \u00e0s necessidades dos cidad\u00e3os\u201d, frisou.<\/p>\n<p>Pela primeira vez no mutir\u00e3o promovido pela Prefeitura de Ilh\u00e9us, a equipe da Marinha do Brasil levou \u00e0 popula\u00e7\u00e3o informa\u00e7\u00f5es sobre a forma de ingressar na corpora\u00e7\u00e3o bem como sobre as atividades desenvolvidas, especialmente,o trabalho de combate \u00e0 polui\u00e7\u00e3o das \u00e1guas e de vigil\u00e2ncia das navega\u00e7\u00f5es. Outra inova\u00e7\u00e3o deste mutir\u00e3o foi a participa\u00e7\u00e3o da equipe da Central de Regula\u00e7\u00e3o, realizando o cadastramento da popula\u00e7\u00e3o no Cart\u00e3o Nacional de Sa\u00fade do Sistema \u00danico de Sa\u00fade (SUS).<\/p>\n<p>O 5\u00ba grupamento de Bombeiros de Ilh\u00e9us participou do evento, orientando as crian\u00e7as sobre as regras de tr\u00e2nsito para o pedestre, com a entrega de panfletos informativos. Os agentes tamb\u00e9m explicaram sobre a corpora\u00e7\u00e3o e suas fun\u00e7\u00f5es na sociedade. A equipe do Nepsi participou do evento com a entrega de preservativos, explicando a import\u00e2ncia para a preven\u00e7\u00e3o dedoen\u00e7as sexualmente transmiss\u00edveis (DSTs).<\/p>\n<div id=\"attachment_71905\" style=\"width: 610px\" class=\"wp-caption aligncenter\"><a href=\"http:\/\/www.r2cpress.com.br\/v1\/wp-content\/uploads\/Mutira\u0303o-da-Cidadania-no-Salobrinho-Foto-Roberto-Santos-3.jpg\"><img aria-describedby=\"caption-attachment-71905\" loading=\"lazy\" class=\"size-full wp-image-71905\" alt=\"Mutira\u0303o da Cidadania no Salobrinho - Foto Roberto Santos (3)\" src=\"http:\/\/www.r2cpress.com.br\/v1\/wp-content\/uploads\/Mutira\u0303o-da-Cidadania-no-Salobrinho-Foto-Roberto-Santos-3.jpg\" width=\"600\" height=\"400\" srcset=\"https:\/\/www.r2cpress.com.br\/v1\/wp-content\/uploads\/Mutira\u0303o-da-Cidadania-no-Salobrinho-Foto-Roberto-Santos-3.jpg 600w, https:\/\/www.r2cpress.com.br\/v1\/wp-content\/uploads\/Mutira\u0303o-da-Cidadania-no-Salobrinho-Foto-Roberto-Santos-3-300x200.jpg 300w\" sizes=\"(max-width: 600px) 100vw, 600px\" \/><\/a><p id=\"caption-attachment-71905\" class=\"wp-caption-text\">Mutira\u0303o da Cidadania no Salobrinho &#8211; Foto Roberto Santos (3)<\/p><\/div>\n<div id=\"attachment_71906\" style=\"width: 610px\" class=\"wp-caption aligncenter\"><a href=\"http:\/\/www.r2cpress.com.br\/v1\/wp-content\/uploads\/Mutira\u0303o-da-Cidadania-no-Salobrinho-Foto-Roberto-Santos.jpg\"><img aria-describedby=\"caption-attachment-71906\" loading=\"lazy\" class=\"size-full wp-image-71906\" alt=\"Mutira\u0303o da Cidadania no Salobrinho - Foto Roberto Santos\" src=\"http:\/\/www.r2cpress.com.br\/v1\/wp-content\/uploads\/Mutira\u0303o-da-Cidadania-no-Salobrinho-Foto-Roberto-Santos.jpg\" width=\"600\" height=\"418\" srcset=\"https:\/\/www.r2cpress.com.br\/v1\/wp-content\/uploads\/Mutira\u0303o-da-Cidadania-no-Salobrinho-Foto-Roberto-Santos.jpg 600w, https:\/\/www.r2cpress.com.br\/v1\/wp-content\/uploads\/Mutira\u0303o-da-Cidadania-no-Salobrinho-Foto-Roberto-Santos-300x209.jpg 300w\" sizes=\"(max-width: 600px) 100vw, 600px\" \/><\/a><p id=\"caption-attachment-71906\" class=\"wp-caption-text\">Mutira\u0303o da Cidadania no Salobrinho &#8211; Foto Roberto Santos<\/p><\/div>\n<p>Para o vereador James Costa, \u201co mutir\u00e3o \u00e9 fundamental no bairro para que a popula\u00e7\u00e3o possa usufruir dos servi\u00e7os e ter acesso aos atendimentos b\u00e1sicos como Bolsa Fam\u00edlia, consultas com pediatras, vacina\u00e7\u00e3o e pesagem\u201d. O vereador Tarc\u00edsio Paix\u00e3o ressaltou que \u201co atendimento prestado pelo mutir\u00e3o tem a fun\u00e7\u00e3o de assistir momentaneamente a popula\u00e7\u00e3o do bairro e serve tamb\u00e9m para acelerar a implanta\u00e7\u00e3o e execu\u00e7\u00e3o dos servi\u00e7os sociais na comunidade\u201d.<\/p>\n<p><b>Pr\u00f3ximos eventos<\/b> \u2013 Os pr\u00f3ximos eventos deste m\u00eas ser\u00e3o realizados no Bairro do Nelson Costa (20\/09) e no vilarejo de Mamoan (27\/09). A popula\u00e7\u00e3o de cada localidade ir\u00e1 contar com cadastramento, recadastramento e desbloqueio de cart\u00f5es do Bolsa Fam\u00edlia, inscri\u00e7\u00f5es no Balc\u00e3o de Emprego, informa\u00e7\u00f5es sobre o Programa Nacional de Acesso ao Ensino T\u00e9cnico e Emprego (Pronatec), al\u00e9m do atendimento do CrediBahia.<\/p>\n<p>Tamb\u00e9m ser\u00e3o realizadas inscri\u00e7\u00f5es para o Servi\u00e7o de Conviv\u00eancia e Fortalecimento de V\u00ednculos (antigos Peti e Projovem). \u00a0A popula\u00e7\u00e3o tamb\u00e9m receber\u00e1 orienta\u00e7\u00f5es sobre programas de habita\u00e7\u00e3o e sobre o requerimento da Carteira do Idoso. Outros servi\u00e7os prestados \u00e0 popula\u00e7\u00e3o ser\u00e3o corte de cabelo, informa\u00e7\u00f5es sobre servi\u00e7os do SAC, como RG, CPF, Carteira de Trabalho e Junta do Servi\u00e7o Militar, bem como a participa\u00e7\u00e3o do Conselho Tutelar para a notifica\u00e7\u00e3o de den\u00fancias.<\/p>\n<p>A Sesau ir\u00e1 promover palestras e pesagem de crian\u00e7as e de mulheres para o Sistema de Vigil\u00e2ncia Alimentar e Nutricional (Sisvan). Tamb\u00e9m ser\u00e3o realizados atendimentos ginecol\u00f3gico, pedi\u00e1trico, psicol\u00f3gico e psiqui\u00e1trico, al\u00e9m de vacina\u00e7\u00e3o, aferi\u00e7\u00e3o de press\u00e3o arterial, medi\u00e7\u00e3o da glicemia e orienta\u00e7\u00f5es nutricionais. Atrav\u00e9s do odontom\u00f3vel, a secretaria far\u00e1 a limpeza dent\u00e1ria e aplica\u00e7\u00e3o de fl\u00faor nos cidad\u00e3os que comparecerem ao mutir\u00e3o.<\/p>\n<p><b>\u00a0&#8212;<\/b><\/p>\n<p><b>Secretaria de Comunica\u00e7\u00e3o Social (Secom)<\/b><\/p>\n<p><b>Ilh\u00e9us \u2013 13.09.2013<\/b><\/p>\n","protected":false},"excerpt":{"rendered":"<p>Al\u00e9m dos servi\u00e7os de sa\u00fade e assist\u00eancia social, moradores do Salobrinho tiveram acesso \u00e0s informa\u00e7\u00f5es sobre as corpora\u00e7\u00f5es da Marinha e dos Bombeiros, bem como orienta\u00e7\u00f5es sobre preven\u00e7\u00e3o \u00e0s DSTs. &nbsp; O Bairro do Salobrinho foi contemplado nesta sexta-feira, dia 13, com o Mutir\u00e3o da Cidadania, que entre v\u00e1rios servi\u00e7os ofertados pelassecretariasmunicipais de Desenvolvimento Social [&hellip;]<\/p>\n","protected":false},"author":2,"featured_media":0,"comment_status":"open","ping_status":"open","sticky":false,"template":"","format":"standard","meta":{"_links_to":"","_links_to_target":""},"categories":[23],"tags":[],"_links":{"self":[{"href":"https:\/\/www.r2cpress.com.br\/v1\/wp-json\/wp\/v2\/posts\/71902"}],"collection":[{"href":"https:\/\/www.r2cpress.com.br\/v1\/wp-json\/wp\/v2\/posts"}],"about":[{"href":"https:\/\/www.r2cpress.com.br\/v1\/wp-json\/wp\/v2\/types\/post"}],"author":[{"embeddable":true,"href":"https:\/\/www.r2cpress.com.br\/v1\/wp-json\/wp\/v2\/users\/2"}],"replies":[{"embeddable":true,"href":"https:\/\/www.r2cpress.com.br\/v1\/wp-json\/wp\/v2\/comments?post=71902"}],"version-history":[{"count":2,"href":"https:\/\/www.r2cpress.com.br\/v1\/wp-json\/wp\/v2\/posts\/71902\/revisions"}],"predecessor-version":[{"id":71910,"href":"https:\/\/www.r2cpress.com.br\/v1\/wp-json\/wp\/v2\/posts\/71902\/revisions\/71910"}],"wp:attachment":[{"href":"https:\/\/www.r2cpress.com.br\/v1\/wp-json\/wp\/v2\/media?parent=71902"}],"wp:term":[{"taxonomy":"category","embeddable":true,"href":"https:\/\/www.r2cpress.com.br\/v1\/wp-json\/wp\/v2\/categories?post=71902"},{"taxonomy":"post_tag","embeddable":true,"href":"https:\/\/www.r2cpress.com.br\/v1\/wp-json\/wp\/v2\/tags?post=71902"}],"curies":[{"name":"wp","href":"https:\/\/api.w.org\/{rel}","templated":true}]}}