{"id":71917,"date":"2013-09-14T19:40:29","date_gmt":"2013-09-14T22:40:29","guid":{"rendered":"http:\/\/www.r2cpress.com.br\/v1\/?p=71917"},"modified":"2013-09-14T19:40:29","modified_gmt":"2013-09-14T22:40:29","slug":"falecimento-25","status":"publish","type":"post","link":"https:\/\/www.r2cpress.com.br\/v1\/2013\/09\/14\/falecimento-25\/","title":{"rendered":"FALECIMENTO"},"content":{"rendered":"<p>Acaba de falecer o nosso amigo e querido <strong>Lourencinho<\/strong> popularmente conhecido como <strong>MINHA V\u00c9IA.<\/strong><br \/>\nDentro de instantes o corpo descer\u00e1 para ser velado ao lado da capelinha de Nossa Senhora de F\u00e1tima, Cidade Nova, ao lado do f\u00f3rum.<br \/>\n<strong>Informamos, com muito pesar, o falecimento de Lourencinho.<\/strong><\/p>\n<p><center>  <a href=\"http:\/\/www.r2cpress.com.br\/v1\/wp-content\/uploads\/luto-lourencinho.jpg\"><img loading=\"lazy\" src=\"http:\/\/www.r2cpress.com.br\/v1\/wp-content\/uploads\/luto-lourencinho.jpg\" alt=\"luto lourencinho\" width=\"600\" height=\"63\" class=\"aligncenter size-full wp-image-71918\" srcset=\"https:\/\/www.r2cpress.com.br\/v1\/wp-content\/uploads\/luto-lourencinho.jpg 600w, https:\/\/www.r2cpress.com.br\/v1\/wp-content\/uploads\/luto-lourencinho-300x31.jpg 300w\" sizes=\"(max-width: 600px) 100vw, 600px\" \/><\/a>  <\/center><\/p>\n","protected":false},"excerpt":{"rendered":"<p>Acaba de falecer o nosso amigo e querido Lourencinho popularmente conhecido como MINHA V\u00c9IA. Dentro de instantes o corpo descer\u00e1 para ser velado ao lado da capelinha de Nossa Senhora de F\u00e1tima, Cidade Nova, ao lado do f\u00f3rum. Informamos, com muito pesar, o falecimento de Lourencinho.<\/p>\n","protected":false},"author":2,"featured_media":0,"comment_status":"open","ping_status":"open","sticky":false,"template":"","format":"standard","meta":{"_links_to":"","_links_to_target":""},"categories":[21],"tags":[],"_links":{"self":[{"href":"https:\/\/www.r2cpress.com.br\/v1\/wp-json\/wp\/v2\/posts\/71917"}],"collection":[{"href":"https:\/\/www.r2cpress.com.br\/v1\/wp-json\/wp\/v2\/posts"}],"about":[{"href":"https:\/\/www.r2cpress.com.br\/v1\/wp-json\/wp\/v2\/types\/post"}],"author":[{"embeddable":true,"href":"https:\/\/www.r2cpress.com.br\/v1\/wp-json\/wp\/v2\/users\/2"}],"replies":[{"embeddable":true,"href":"https:\/\/www.r2cpress.com.br\/v1\/wp-json\/wp\/v2\/comments?post=71917"}],"version-history":[{"count":3,"href":"https:\/\/www.r2cpress.com.br\/v1\/wp-json\/wp\/v2\/posts\/71917\/revisions"}],"predecessor-version":[{"id":71921,"href":"https:\/\/www.r2cpress.com.br\/v1\/wp-json\/wp\/v2\/posts\/71917\/revisions\/71921"}],"wp:attachment":[{"href":"https:\/\/www.r2cpress.com.br\/v1\/wp-json\/wp\/v2\/media?parent=71917"}],"wp:term":[{"taxonomy":"category","embeddable":true,"href":"https:\/\/www.r2cpress.com.br\/v1\/wp-json\/wp\/v2\/categories?post=71917"},{"taxonomy":"post_tag","embeddable":true,"href":"https:\/\/www.r2cpress.com.br\/v1\/wp-json\/wp\/v2\/tags?post=71917"}],"curies":[{"name":"wp","href":"https:\/\/api.w.org\/{rel}","templated":true}]}}