{"id":71931,"date":"2013-09-15T00:10:41","date_gmt":"2013-09-15T03:10:41","guid":{"rendered":"http:\/\/www.r2cpress.com.br\/v1\/?p=71931"},"modified":"2013-09-15T00:10:41","modified_gmt":"2013-09-15T03:10:41","slug":"o-sac-de-ilheus-ja-tem-novo-gerente","status":"publish","type":"post","link":"https:\/\/www.r2cpress.com.br\/v1\/2013\/09\/15\/o-sac-de-ilheus-ja-tem-novo-gerente\/","title":{"rendered":"O SAC de Ilh\u00e9us j\u00e1 tem novo Gerente"},"content":{"rendered":"<p><div id=\"attachment_71932\" style=\"width: 343px\" class=\"wp-caption alignright\"><a href=\"http:\/\/www.r2cpress.com.br\/v1\/wp-content\/uploads\/sac-tiago-borges.jpg\"><img aria-describedby=\"caption-attachment-71932\" loading=\"lazy\" src=\"http:\/\/www.r2cpress.com.br\/v1\/wp-content\/uploads\/sac-tiago-borges.jpg\" alt=\"Thiago Viana Borges\" width=\"333\" height=\"493\" class=\"size-full wp-image-71932\" srcset=\"https:\/\/www.r2cpress.com.br\/v1\/wp-content\/uploads\/sac-tiago-borges.jpg 333w, https:\/\/www.r2cpress.com.br\/v1\/wp-content\/uploads\/sac-tiago-borges-202x300.jpg 202w\" sizes=\"(max-width: 333px) 100vw, 333px\" \/><\/a><p id=\"caption-attachment-71932\" class=\"wp-caption-text\">Thiago Viana Borges<\/p><\/div>O SAC de Ilh\u00e9us j\u00e1 tem novo Gerente. Foi nomeado pelo governador Jaques Wagner na \u00faltima sexta-feira (13), o servidor p\u00fablico Thiago Viana Borges ao cargo de Coordenador do Posto SAC Ilh\u00e9us. O Jovem, j\u00e1 acumula 11 anos de carreira no setor p\u00fablico, tendo sua primeira experi\u00eancia na Secretaria da Fazenda onde estagiou por 3 anos, em 2005 foi nomeado Diretor de Reda\u00e7\u00e3o Radio e Televis\u00e3o na C\u00e2mara de Vereadores do Munic\u00edpio, convidado em 2007 a prestar assessoria ao Deputado Federal Raymundo Veloso, em 2009 ingressou-se no Posto SAC, atuando no atendimento junto ao DETRAN por 5 anos onde estava desde ent\u00e3o. O estudante de Psicologia \u00e9 formado em Letras e tem como objetivo manter \u00e1 qualidade e a excel\u00eancia do atendimento SAC propiciando a toda popula\u00e7\u00e3o um pronto atendimento e desburocratiza\u00e7\u00e3o de seus servi\u00e7os.<br \/>\nEm nota diz: \u201cO Sac de ilh\u00e9us tem sido referencia em toda Bahia pela sua estrutura f\u00edsica e pela f\u00e1cil localiza\u00e7\u00e3o, beneficiando assim, n\u00e3o s\u00f3 a popula\u00e7\u00e3o nativa como tamb\u00e9m as cidades circunvizinhas como Canavieiras, Una, Itacar\u00e9, Uru\u00e7uca e Mar\u00e1u que diariamente frequentam o posto e utilizam de nossos servi\u00e7os.\u201d<br \/>\nO mesmo, chega pra ocupar o cargo mais importante do \u00f3rg\u00e3o em substitui\u00e7\u00e3o a ex-coordenadora Sayonara Silva Santana Machado, que deixou o cargo por conta de sele\u00e7\u00e3o p\u00fablica em um concurso pela Universidade Estadual Santa Cruz. Vale ressaltar que a indica\u00e7\u00e3o de coordena\u00e7\u00e3o do Posto SAC ilheense pertence ao Partido Progressista (aliado de base do Governo do Estado) partido do Prefeito Jabes Ribeiro.<\/p>\n","protected":false},"excerpt":{"rendered":"<p>O SAC de Ilh\u00e9us j\u00e1 tem novo Gerente. Foi nomeado pelo governador Jaques Wagner na \u00faltima sexta-feira (13), o servidor p\u00fablico Thiago Viana Borges ao cargo de Coordenador do Posto SAC Ilh\u00e9us. O Jovem, j\u00e1 acumula 11 anos de carreira no setor p\u00fablico, tendo sua primeira experi\u00eancia na Secretaria da Fazenda onde estagiou por 3 [&hellip;]<\/p>\n","protected":false},"author":2,"featured_media":0,"comment_status":"open","ping_status":"open","sticky":false,"template":"","format":"standard","meta":{"_links_to":"","_links_to_target":""},"categories":[22],"tags":[],"_links":{"self":[{"href":"https:\/\/www.r2cpress.com.br\/v1\/wp-json\/wp\/v2\/posts\/71931"}],"collection":[{"href":"https:\/\/www.r2cpress.com.br\/v1\/wp-json\/wp\/v2\/posts"}],"about":[{"href":"https:\/\/www.r2cpress.com.br\/v1\/wp-json\/wp\/v2\/types\/post"}],"author":[{"embeddable":true,"href":"https:\/\/www.r2cpress.com.br\/v1\/wp-json\/wp\/v2\/users\/2"}],"replies":[{"embeddable":true,"href":"https:\/\/www.r2cpress.com.br\/v1\/wp-json\/wp\/v2\/comments?post=71931"}],"version-history":[{"count":2,"href":"https:\/\/www.r2cpress.com.br\/v1\/wp-json\/wp\/v2\/posts\/71931\/revisions"}],"predecessor-version":[{"id":71934,"href":"https:\/\/www.r2cpress.com.br\/v1\/wp-json\/wp\/v2\/posts\/71931\/revisions\/71934"}],"wp:attachment":[{"href":"https:\/\/www.r2cpress.com.br\/v1\/wp-json\/wp\/v2\/media?parent=71931"}],"wp:term":[{"taxonomy":"category","embeddable":true,"href":"https:\/\/www.r2cpress.com.br\/v1\/wp-json\/wp\/v2\/categories?post=71931"},{"taxonomy":"post_tag","embeddable":true,"href":"https:\/\/www.r2cpress.com.br\/v1\/wp-json\/wp\/v2\/tags?post=71931"}],"curies":[{"name":"wp","href":"https:\/\/api.w.org\/{rel}","templated":true}]}}