{"id":71945,"date":"2013-09-15T18:56:09","date_gmt":"2013-09-15T21:56:09","guid":{"rendered":"http:\/\/www.r2cpress.com.br\/v1\/?p=71945"},"modified":"2013-09-15T18:56:09","modified_gmt":"2013-09-15T21:56:09","slug":"vereador-ilheense-cosme-araujo-implanta-gabinete-itinerante","status":"publish","type":"post","link":"https:\/\/www.r2cpress.com.br\/v1\/2013\/09\/15\/vereador-ilheense-cosme-araujo-implanta-gabinete-itinerante\/","title":{"rendered":"Vereador ilheense, Cosme Ara\u00fajo, implanta Gabinete itinerante."},"content":{"rendered":"<p><a href=\"http:\/\/www.r2cpress.com.br\/v1\/wp-content\/uploads\/gabinete-itinerante_cosme-ara\u00fajo.jpg\"><img loading=\"lazy\" class=\"alignleft size-full wp-image-71946\" alt=\"gabinete itinerante_cosme ara\u00fajo\" src=\"http:\/\/www.r2cpress.com.br\/v1\/wp-content\/uploads\/gabinete-itinerante_cosme-ara\u00fajo.jpg\" width=\"203\" height=\"249\" \/><\/a>O Vereador Cosme Ara\u00fajo (PDT), advogado e detentor de mandato parlamentar por quatro vezes, \u00e9 um tomador de decis\u00f5es e iniciativas louv\u00e1veis. E por suas m\u00e3os passam quest\u00f5es que alteram diretamente a vida dos cidad\u00e3os ilheenses, como membro da Comiss\u00e3o de Constitui\u00e7\u00e3o e Justi\u00e7a da C\u00e2mara de Vereadores de Ilh\u00e9us.<\/p>\n<p>Por isso, \u00e9 de bom tom que ele tenha as melhores condi\u00e7\u00f5es poss\u00edveis para exercer suas atividades p\u00fablicas, a possibilidade de conhecer problemas e solu\u00e7\u00f5es <i>in loco<\/i>, levar seu gabinete itinerante nos bairros e distritos da cidade e, contratar estudos e contar com especialistas para ter seguran\u00e7a nas dire\u00e7\u00f5es tomadas, melhor embasar seus projetos de leis, emendas e requerimentos a serem formalizados.<\/p>\n<p>A primeira comunidade a ser contemplada com o Gabinete itinerante ser\u00e1 o Bairro Nossa Senhora da Vit\u00f3ria, zona sul da cidade de Ilh\u00e9us, que passa por extrema dificuldade e abandono pelo poder p\u00fablico municipal.<\/p>\n<p>Para o Vereador Cosme Ara\u00fajo, a finalidade \u00e9 aproximar mais ainda das comunidades e verificar as necessidades, buscando agir de forma mais sustentada e eficiente junto ao executivo. \u201cComo agente p\u00fablico municipal \u00e9 importante implantar tamb\u00e9m este tipo de a\u00e7\u00e3o e manter essa rela\u00e7\u00e3o direta com a sociedade\u201d, afirma.<\/p>\n<p>Programa\u00e7\u00e3o 2012 &gt; Outubro, Bairro Nossa Senhora da Vit\u00f3ria; Novembro, Bairro do Iguape; Dezembro, Alto da Soledade, no Bairro do Malhado e comunidade do Teot\u00f4nio do Vilela.\u00a0 Quanto \u00e0 programa\u00e7\u00e3o de 2013, ser\u00e1 divulgada no in\u00edcio de janeiro.<\/p>\n<p><b><i>\u00a0&#8212;<\/i><\/b><\/p>\n<p><b><i>Cl\u00e9a Sam, assessora.<\/i><\/b><\/p>\n","protected":false},"excerpt":{"rendered":"<p>O Vereador Cosme Ara\u00fajo (PDT), advogado e detentor de mandato parlamentar por quatro vezes, \u00e9 um tomador de decis\u00f5es e iniciativas louv\u00e1veis. E por suas m\u00e3os passam quest\u00f5es que alteram diretamente a vida dos cidad\u00e3os ilheenses, como membro da Comiss\u00e3o de Constitui\u00e7\u00e3o e Justi\u00e7a da C\u00e2mara de Vereadores de Ilh\u00e9us. Por isso, \u00e9 de bom [&hellip;]<\/p>\n","protected":false},"author":2,"featured_media":0,"comment_status":"open","ping_status":"open","sticky":false,"template":"","format":"standard","meta":{"_links_to":"","_links_to_target":""},"categories":[22],"tags":[],"_links":{"self":[{"href":"https:\/\/www.r2cpress.com.br\/v1\/wp-json\/wp\/v2\/posts\/71945"}],"collection":[{"href":"https:\/\/www.r2cpress.com.br\/v1\/wp-json\/wp\/v2\/posts"}],"about":[{"href":"https:\/\/www.r2cpress.com.br\/v1\/wp-json\/wp\/v2\/types\/post"}],"author":[{"embeddable":true,"href":"https:\/\/www.r2cpress.com.br\/v1\/wp-json\/wp\/v2\/users\/2"}],"replies":[{"embeddable":true,"href":"https:\/\/www.r2cpress.com.br\/v1\/wp-json\/wp\/v2\/comments?post=71945"}],"version-history":[{"count":3,"href":"https:\/\/www.r2cpress.com.br\/v1\/wp-json\/wp\/v2\/posts\/71945\/revisions"}],"predecessor-version":[{"id":71949,"href":"https:\/\/www.r2cpress.com.br\/v1\/wp-json\/wp\/v2\/posts\/71945\/revisions\/71949"}],"wp:attachment":[{"href":"https:\/\/www.r2cpress.com.br\/v1\/wp-json\/wp\/v2\/media?parent=71945"}],"wp:term":[{"taxonomy":"category","embeddable":true,"href":"https:\/\/www.r2cpress.com.br\/v1\/wp-json\/wp\/v2\/categories?post=71945"},{"taxonomy":"post_tag","embeddable":true,"href":"https:\/\/www.r2cpress.com.br\/v1\/wp-json\/wp\/v2\/tags?post=71945"}],"curies":[{"name":"wp","href":"https:\/\/api.w.org\/{rel}","templated":true}]}}