{"id":71950,"date":"2013-09-15T19:14:42","date_gmt":"2013-09-15T22:14:42","guid":{"rendered":"http:\/\/www.r2cpress.com.br\/v1\/?p=71950"},"modified":"2013-09-15T19:14:42","modified_gmt":"2013-09-15T22:14:42","slug":"alfredo-amorim-da-silveira-em-10taques-90","status":"publish","type":"post","link":"https:\/\/www.r2cpress.com.br\/v1\/2013\/09\/15\/alfredo-amorim-da-silveira-em-10taques-90\/","title":{"rendered":"Alfredo Amorim da Silveira em \u201c10TAQUES\u201d"},"content":{"rendered":"<div style=\"width: 514px\" class=\"wp-caption aligncenter\"><img loading=\"lazy\" alt=\"\" src=\"http:\/\/www.r2cpress.com.br\/v1\/wp-content\/uploads\/lourencinho_.jpg\" width=\"504\" height=\"379\" \/><p class=\"wp-caption-text\"><strong>Jos\u00e9 Louren\u00e7o da Fonseca Silva Filho<\/strong><\/p><\/div>\n<p><img loading=\"lazy\" class=\"alignleft\" alt=\"\" src=\"http:\/\/www.r2cpress.com.br\/v1\/wp-content\/uploads\/alfredo-amorim-nova.jpg\" width=\"300\" height=\"105\" \/>\u201cLourencinho\u201d ou \u201cMinha Veia\u201d (apelido dado pelo seu cunhado D\u00e9lio) como era conhecido pelos seus amigos e admiradores. Filho de Jos\u00e9 Louren\u00e7o e Odete Calazans da Fonseca, era o mais velho dos seis irm\u00e3os: Ana Virg\u00ednia, casada com D\u00e9lio Santiago; Fernando Cesar (Falecido); Carlos Jos\u00e9 (Gag\u00e9); Rosana de F\u00e1tima e Paulo Eduardo (falecido).<\/p>\n<p>Casou-se duas vezes, primeiro com Nilda, depois com M\u00e1rcia, teve v\u00e1rios casos amorosos, tinha quatro filhos Jos\u00e9 Louren\u00e7o Neto, Tiago, Daniel e Marina.<\/p>\n<p>Trabalhou no Banco Econ\u00f4mico, onde foi gerente da caderneta de poupan\u00e7a junto com Regina, na Soma, empresa de com\u00e9rcio de cacau de Marcos Vieira e aposentou-se trabalhando na Santa Casa de Miseric\u00f3rdia de Ilh\u00e9us, Hospital S\u00e3o Jos\u00e9.<\/p>\n<p>Grande freq\u00fcentador dos bares de Waldemar, na Pra\u00e7a Cair\u00fa, Lindo Olhar na Rua Bento Berilo, Zequito em frente ao IME, Irat\u00ea Bar na Soares Lopes e terminava o seu dia na Pizzaria Dom Chico na Avenida Canavieiras em frente a sua casa. Seu \u00fanico problema era a bebida e o cigarro, que n\u00e3o largava de maneira nenhuma, motivo que o levou a morte. Fora isto era uma pessoa maravilhosa, grande amigo e companheiro, podia se contar com ele para tudo, n\u00e3o media esfor\u00e7os.<\/p>\n<p>Faleceu de AVC ontem, 14 de setembro, \u00a0\u00e0s cinco horas da tarde no Hospital S\u00e3o Jos\u00e9, foi enterrado no Cemit\u00e9rio N. S. Vit\u00f3ria hoje \u00e0s 11 horas da manh\u00e3, esteja onde estiver todos v\u00e3o estar muito contentes com a sua chegada, e n\u00f3s, seus amigos vamos sentir muito a sua falta.<\/p>\n","protected":false},"excerpt":{"rendered":"<p>\u201cLourencinho\u201d ou \u201cMinha Veia\u201d (apelido dado pelo seu cunhado D\u00e9lio) como era conhecido pelos seus amigos e admiradores. Filho de Jos\u00e9 Louren\u00e7o e Odete Calazans da Fonseca, era o mais velho dos seis irm\u00e3os: Ana Virg\u00ednia, casada com D\u00e9lio Santiago; Fernando Cesar (Falecido); Carlos Jos\u00e9 (Gag\u00e9); Rosana de F\u00e1tima e Paulo Eduardo (falecido). Casou-se duas [&hellip;]<\/p>\n","protected":false},"author":2,"featured_media":0,"comment_status":"open","ping_status":"open","sticky":false,"template":"","format":"standard","meta":{"_links_to":"","_links_to_target":""},"categories":[10],"tags":[],"_links":{"self":[{"href":"https:\/\/www.r2cpress.com.br\/v1\/wp-json\/wp\/v2\/posts\/71950"}],"collection":[{"href":"https:\/\/www.r2cpress.com.br\/v1\/wp-json\/wp\/v2\/posts"}],"about":[{"href":"https:\/\/www.r2cpress.com.br\/v1\/wp-json\/wp\/v2\/types\/post"}],"author":[{"embeddable":true,"href":"https:\/\/www.r2cpress.com.br\/v1\/wp-json\/wp\/v2\/users\/2"}],"replies":[{"embeddable":true,"href":"https:\/\/www.r2cpress.com.br\/v1\/wp-json\/wp\/v2\/comments?post=71950"}],"version-history":[{"count":4,"href":"https:\/\/www.r2cpress.com.br\/v1\/wp-json\/wp\/v2\/posts\/71950\/revisions"}],"predecessor-version":[{"id":71954,"href":"https:\/\/www.r2cpress.com.br\/v1\/wp-json\/wp\/v2\/posts\/71950\/revisions\/71954"}],"wp:attachment":[{"href":"https:\/\/www.r2cpress.com.br\/v1\/wp-json\/wp\/v2\/media?parent=71950"}],"wp:term":[{"taxonomy":"category","embeddable":true,"href":"https:\/\/www.r2cpress.com.br\/v1\/wp-json\/wp\/v2\/categories?post=71950"},{"taxonomy":"post_tag","embeddable":true,"href":"https:\/\/www.r2cpress.com.br\/v1\/wp-json\/wp\/v2\/tags?post=71950"}],"curies":[{"name":"wp","href":"https:\/\/api.w.org\/{rel}","templated":true}]}}