{"id":71955,"date":"2013-09-15T19:19:33","date_gmt":"2013-09-15T22:19:33","guid":{"rendered":"http:\/\/www.r2cpress.com.br\/v1\/?p=71955"},"modified":"2013-09-15T19:19:33","modified_gmt":"2013-09-15T22:19:33","slug":"duas-academias-de-letras","status":"publish","type":"post","link":"https:\/\/www.r2cpress.com.br\/v1\/2013\/09\/15\/duas-academias-de-letras\/","title":{"rendered":"Duas Academias de Letras"},"content":{"rendered":"<p><em><strong>\u00a0Cyro de Mattos<\/strong><\/em><\/p>\n<p><img loading=\"lazy\" class=\"alignleft\" alt=\"\" src=\"http:\/\/www.r2cpress.com.br\/v1\/wp-content\/uploads\/CYRO-DE-MATTOS-PERSONALIZADO1_56.jpg\" width=\"200\" height=\"269\" \/>Fundada em 14 de mar\u00e7o de 1959, nos moldes da francesa, em que a Academia Brasileira de Letras tamb\u00e9m se inspirou, a Academia de Letras de Ilh\u00e9us tem como um dos princ\u00edpios o cultivo da l\u00edngua e da literatura nacionais, sem desprezar as rela\u00e7\u00f5es que mant\u00e9m com as artes e as ci\u00eancias. O poeta ilheense Abel Pereira foi o idealizador da institui\u00e7\u00e3o e o primeiro presidente.<\/p>\n<p>A Academia de Letras de Ilh\u00e9us \u00e9 formada por quarenta\u00a0 membros, dos quais vinte e cinco ser\u00e3o obrigatoriamente residentes em Ilh\u00e9us e Itabuna. J\u00e1 conta, em sua hist\u00f3ria, com figuras do porte de Jorge Amado, Adonias Filho, Z\u00e9lia Gattai,\u00a0 Telmo Padilha, H\u00e9lio P\u00f3lvora,\u00a0 Milton Santos, Jo\u00e3o Mangabeira, Jos\u00e9 C\u00e2ndido de Carvalho Filho, Euclides Neto, Orlando Gomes, Luiz Fernandes Pedreira, Gumercindo Rocha D\u00f3rea e Edivaldo Brito,\u00a0 citando-se aqui apenas algumas de suas figuras expressivas.<\/p>\n<p>Seu ideal est\u00e1 expresso na divisa: \u201cPatriae Litteras Colendo Serviam\u201d, que pode ser traduzido como \u201cServirei \u00e0 P\u00e1tria Cultuando as Letras\u201d. As atividades da Academia interagem hoje com a sociedade. Camadas significativas do meio social participam das\u00a0\u00a0 palestras, confer\u00eancias, recitais e eventos outros de natureza cultural, com destaque para os saraus liter\u00e1rios, que j\u00e1 se tornaram uma tradi\u00e7\u00e3o, e o Projeto Primavera Cultural.\u00a0 A institui\u00e7\u00e3o conta com um site administrado pelo competente acad\u00eamico Pawlo Cidade, que \u00e9\u00a0 tamb\u00e9m agente cultural com destaque na Regi\u00e3o Cacaueira Baiana.<\/p>\n<p>A Academia de Letras de Itabuna (ALITA) nasceu em uma\u00a0 das salas da Funda\u00e7\u00e3o Itabunense de Cultura e Cidadania, FICC, \u00e0s 9 horas de 19 de abril de 2011. Seus membros fundadores foram Carlos Eduardo Passos, Marcos Bandeira, Sonia Maron, Lurdes Bertol, Ruy P\u00f3voas, Maria Luiza Nora, Gustavo Veloso, Rilvan Santana, Ary Quadros, Antonio Laranjeiras, Sione Porto e este articulista.\u00a0 Integram atualmente o quadro de associados da entidade\u00a0\u00a0 trinta e oito\u00a0 homens e\u00a0\u00a0 mulheres, de elevada express\u00e3o intelectual nas \u00e1reas liter\u00e1ria, jur\u00eddica, de comunica\u00e7\u00e3o e ci\u00eancias humanas.<\/p>\n<p><!--more--><\/p>\n<p>A ALITA, como carinhosamente os\u00a0 membros gostam de nomear a institui\u00e7\u00e3o,\u00a0\u00a0 veio para interagir com a comunidade \u00a0e perdurar como institui\u00e7\u00e3o atuante. Com pouco mais de dois anos de instalada,\u00a0 sem dota\u00e7\u00e3o or\u00e7ament\u00e1ria, com grandes dificuldades econ\u00f4micas, vem promovendo eventos liter\u00e1rios e culturais de repercuss\u00e3o regional,\u00a0 gra\u00e7as \u00e0 dedica\u00e7\u00e3o de sua diretoria e criatividade de alguns de seus membros: Semana do Centen\u00e1rio de Jorge Amado, Dia da Consci\u00eancia Negra, Dia do \u00cdndio, lan\u00e7amentos de livros,\u00a0 sess\u00f5es solenes de posse e outros s\u00e3o at\u00e9 agoar alguns de seus passos importantes. \u00a0Seu site, criativo e din\u00e2mico, d\u00e1 visibilidade \u00e0 institui\u00e7\u00e3o, que passou a ficar conhecida fora das fronteiras regionais. \u00c9 administrado\u00a0 pela dedicada\u00a0 acad\u00eamica Ceres Marylise.<\/p>\n<p>A institui\u00e7\u00e3o conta em seu\u00a0 quadro de associados com \u00a0intelectuais expressivos,\u00a0\u00a0\u00a0 Florisvaldo Mattos, H\u00e9lio P\u00f3lvora,\u00a0 Aleilton Fonseca, Maria de Lourdes Neto Sim\u00f5es, Carlos Valder, Soane Nazar\u00e9 de Andrade, Janete Ruiz,, Margarida Fahel, Ruy P\u00f3voas, Marcos Bandeira, entre outros, \u00a0cometendo-se aqui certamente o pecado da omiss\u00e3o.<\/p>\n<p>O ideal que alimenta a Academia de Letras de Itabuna \u00e9 \u201cLitteris Amplecti\u201d, que pode ser traduzido como Abra\u00e7ados nas Letras,\u00a0 embora n\u00e3o se deixe de\u00a0 considerar que\u00a0 as grandes obras liter\u00e1rias da humanidade tenham sido escritas\u00a0 sob o clima dos conflitos, solid\u00f5es, pesadelos, contradi\u00e7\u00f5es e indigna\u00e7\u00f5es, que o dif\u00edcil gesto do viver sempre gera.\u00a0 E a genialidade da sua cria\u00e7\u00e3o \u00a0\u00e9 que\u00a0\u00a0 as fazem perenes.<\/p>\n<p>No mundo de hoje em que os valores espirituais s\u00e3o descartados, priorizando-se o corpo, o est\u00f4mago e a cabe\u00e7a em busca de poder, cabem\u00a0 \u00e0s\u00a0 Academias de Letras cultivar a import\u00e2ncia da l\u00edngua, a literatura e a comunica\u00e7\u00e3o,\u00a0 manifesta\u00e7\u00f5es\u00a0\u00a0 inerentes ao nosso ser-estar no mundo com vistas ao enriquecimento da vida. Esse tipo de institui\u00e7\u00e3o contribui para perdurar\u00a0 aqueles que amam as letras, manipulam com efic\u00e1cia os sinais vis\u00edveis da escrita, os elementos da orat\u00f3ria e o simbolismo da cultura, instrumentos que resultam\u00a0 da criatividade humana e que bem exercitados tornam-se\u00a0 caminhos \u00fateis para a compreens\u00e3o do outro mais o mundo. Interagem no mundo moderno e incentivam os que t\u00eam sensibilidade para que fa\u00e7am uma leitura cr\u00edtica da vida atrav\u00e9s das letras.<\/p>\n<p>No dia 20 de setembro, a Academia de Letras de Itabuna estar\u00e1 empossando novos membros. S\u00e3o eles: jornalista Celina Santos Silva, dramaturgo Gideon Alves Rosa, educadora Delile Miranda de Oliveira, escritora e Doutora em Letras Maria Rita Coelho Dantas, Magn\u00edfico Reitor Naomar Monteiro de Almeida Filho, cineasta Raquel Silva Rocha, jurista e professor universit\u00e1rio S\u00e9rgio Habib.<\/p>\n<p>O patrono da Academia de Letras de Ilh\u00e9us \u00e9 o not\u00e1vel jurista Ruy Barbosa. O seu presidente atual \u00e9 o professor universit\u00e1rio Josevandro Nascimento. O patrono da Academia de Letras de Itabuna \u2013 ALITA &#8211; \u00e9 o consagrado romancista Adonias Filho. Sua atual presidente \u00e9 a Ju\u00edza\u00a0 de Direito Sonia Maron.<\/p>\n<p>&nbsp;<\/p>\n<p>*Cyro de Matos \u00e9 escritor, \u00a0poeta e advogado aposentado.<\/p>\n","protected":false},"excerpt":{"rendered":"<p>\u00a0Cyro de Mattos Fundada em 14 de mar\u00e7o de 1959, nos moldes da francesa, em que a Academia Brasileira de Letras tamb\u00e9m se inspirou, a Academia de Letras de Ilh\u00e9us tem como um dos princ\u00edpios o cultivo da l\u00edngua e da literatura nacionais, sem desprezar as rela\u00e7\u00f5es que mant\u00e9m com as artes e as ci\u00eancias. [&hellip;]<\/p>\n","protected":false},"author":2,"featured_media":0,"comment_status":"open","ping_status":"open","sticky":false,"template":"","format":"standard","meta":{"_links_to":"","_links_to_target":""},"categories":[5],"tags":[],"_links":{"self":[{"href":"https:\/\/www.r2cpress.com.br\/v1\/wp-json\/wp\/v2\/posts\/71955"}],"collection":[{"href":"https:\/\/www.r2cpress.com.br\/v1\/wp-json\/wp\/v2\/posts"}],"about":[{"href":"https:\/\/www.r2cpress.com.br\/v1\/wp-json\/wp\/v2\/types\/post"}],"author":[{"embeddable":true,"href":"https:\/\/www.r2cpress.com.br\/v1\/wp-json\/wp\/v2\/users\/2"}],"replies":[{"embeddable":true,"href":"https:\/\/www.r2cpress.com.br\/v1\/wp-json\/wp\/v2\/comments?post=71955"}],"version-history":[{"count":3,"href":"https:\/\/www.r2cpress.com.br\/v1\/wp-json\/wp\/v2\/posts\/71955\/revisions"}],"predecessor-version":[{"id":71958,"href":"https:\/\/www.r2cpress.com.br\/v1\/wp-json\/wp\/v2\/posts\/71955\/revisions\/71958"}],"wp:attachment":[{"href":"https:\/\/www.r2cpress.com.br\/v1\/wp-json\/wp\/v2\/media?parent=71955"}],"wp:term":[{"taxonomy":"category","embeddable":true,"href":"https:\/\/www.r2cpress.com.br\/v1\/wp-json\/wp\/v2\/categories?post=71955"},{"taxonomy":"post_tag","embeddable":true,"href":"https:\/\/www.r2cpress.com.br\/v1\/wp-json\/wp\/v2\/tags?post=71955"}],"curies":[{"name":"wp","href":"https:\/\/api.w.org\/{rel}","templated":true}]}}