{"id":71968,"date":"2013-09-15T19:48:04","date_gmt":"2013-09-15T22:48:04","guid":{"rendered":"http:\/\/www.r2cpress.com.br\/v1\/?p=71968"},"modified":"2013-09-15T19:48:04","modified_gmt":"2013-09-15T22:48:04","slug":"meu-sonho","status":"publish","type":"post","link":"https:\/\/www.r2cpress.com.br\/v1\/2013\/09\/15\/meu-sonho\/","title":{"rendered":"MEU SONHO"},"content":{"rendered":"<p><img loading=\"lazy\" class=\"alignright\" alt=\"\" src=\"http:\/\/www.r2cpress.com.br\/v1\/wp-content\/uploads\/zecarlos-r2cpress_reduzida.jpg\" width=\"300\" height=\"207\" \/>\u201cSonho meu, sonho meu<br \/>\nVai buscar quem mora longe, sonho meu<br \/>\nVai mostrar esta saudade, sonho meu<br \/>\nCom a sua liberdade, sonho meu<br \/>\nNo meu c\u00e9u a estrela-guia se perdeu<br \/>\nA madrugada fria s\u00f3 me traz melancolia<br \/>\nSonho meu<br \/>\nSinto o canto da noite na boca do vento<br \/>\nFazer a dan\u00e7a das flores no meu pensamento<br \/>\nTraz a pureza de um samba<br \/>\nSentido, marcado de m\u00e1goas de amor<br \/>\nUm samba que mexe o corpo da gente<br \/>\nE o vento vadio embalando a flor.\u201d <b>(Dona Ivone Lara)<\/b><\/p>\n<p>Tive um sonho maravilhoso, sonhei que via minha sofrida cidade passando por uma verdadeira transforma\u00e7\u00e3o, com uma nova vida.<\/p>\n<p>O povo alegre, sadio, n\u00e3o mais jogando lixo nas ruas e avenidas, colocando o lixo dom\u00e9stico nas suas portas no hor\u00e1rio da coleta, a educa\u00e7\u00e3o tomando conta de todos, a cidadania aflorando em todos os cantos, a auto-estima l\u00e1 em cima. Que sonho lindo.<\/p>\n<p>A prefeitura limpando as ruas, avenidas e pra\u00e7as, o carro coletor passando nos hor\u00e1rios, as praias limpas. Que sonho lindo.<\/p>\n<p>N\u00e3o poderia ser assim? Mas foi apenas um sonho.<\/p>\n<p>Nem o povo tem educa\u00e7\u00e3o e cidadania e nem a prefeitura faz a sua parte, que \u00e9 a sua obriga\u00e7\u00e3o.<\/p>\n<p>Tudo passa pela <b>EDUCA\u00c7\u00c3O<\/b> e por a\u00e7\u00f5es dos <b>GESTORES P\u00daBLICOS.<\/b><\/p>\n<p>Sonhar \u00e9 bom, mesmo que seja um sonho imposs\u00edvel.<\/p>\n<p><b>Z\u00c9CARLOS JUNIOR<\/b><\/p>\n","protected":false},"excerpt":{"rendered":"<p>\u201cSonho meu, sonho meu Vai buscar quem mora longe, sonho meu Vai mostrar esta saudade, sonho meu Com a sua liberdade, sonho meu No meu c\u00e9u a estrela-guia se perdeu A madrugada fria s\u00f3 me traz melancolia Sonho meu Sinto o canto da noite na boca do vento Fazer a dan\u00e7a das flores no meu [&hellip;]<\/p>\n","protected":false},"author":2,"featured_media":0,"comment_status":"open","ping_status":"open","sticky":false,"template":"","format":"standard","meta":{"_links_to":"","_links_to_target":""},"categories":[10],"tags":[],"_links":{"self":[{"href":"https:\/\/www.r2cpress.com.br\/v1\/wp-json\/wp\/v2\/posts\/71968"}],"collection":[{"href":"https:\/\/www.r2cpress.com.br\/v1\/wp-json\/wp\/v2\/posts"}],"about":[{"href":"https:\/\/www.r2cpress.com.br\/v1\/wp-json\/wp\/v2\/types\/post"}],"author":[{"embeddable":true,"href":"https:\/\/www.r2cpress.com.br\/v1\/wp-json\/wp\/v2\/users\/2"}],"replies":[{"embeddable":true,"href":"https:\/\/www.r2cpress.com.br\/v1\/wp-json\/wp\/v2\/comments?post=71968"}],"version-history":[{"count":3,"href":"https:\/\/www.r2cpress.com.br\/v1\/wp-json\/wp\/v2\/posts\/71968\/revisions"}],"predecessor-version":[{"id":71971,"href":"https:\/\/www.r2cpress.com.br\/v1\/wp-json\/wp\/v2\/posts\/71968\/revisions\/71971"}],"wp:attachment":[{"href":"https:\/\/www.r2cpress.com.br\/v1\/wp-json\/wp\/v2\/media?parent=71968"}],"wp:term":[{"taxonomy":"category","embeddable":true,"href":"https:\/\/www.r2cpress.com.br\/v1\/wp-json\/wp\/v2\/categories?post=71968"},{"taxonomy":"post_tag","embeddable":true,"href":"https:\/\/www.r2cpress.com.br\/v1\/wp-json\/wp\/v2\/tags?post=71968"}],"curies":[{"name":"wp","href":"https:\/\/api.w.org\/{rel}","templated":true}]}}